{"id":564778,"date":"2025-11-28T15:56:14","date_gmt":"2025-11-28T15:56:14","guid":{"rendered":"https:\/\/www.europesays.com\/fr\/564778\/"},"modified":"2025-11-28T15:56:14","modified_gmt":"2025-11-28T15:56:14","slug":"les-telephones-portables-interdits-au-lycee-des-la-rentree-veut-emmanuel-macron","status":"publish","type":"post","link":"https:\/\/www.europesays.com\/fr\/564778\/","title":{"rendered":"Les t\u00e9l\u00e9phones portables interdits au lyc\u00e9e d\u00e8s la rentr\u00e9e, veut Emmanuel Macron"},"content":{"rendered":"<p>Les <a href=\"https:\/\/www.20minutes.fr\/dossier\/telephone\" class=\"c-link c-link--is-underlined\" target=\"_blank\" rel=\"noopener\">t\u00e9l\u00e9phones portables<\/a> bient\u00f4t bannis des <a href=\"https:\/\/www.20minutes.fr\/dossier\/lycee\" class=\"c-link c-link--is-underlined\" target=\"_blank\" rel=\"noopener\">lyc\u00e9es<\/a>\u00a0? <a href=\"https:\/\/www.20minutes.fr\/politique\/emmanuel-macron\/\" class=\"c-link c-link--is-underlined\" target=\"_blank\" rel=\"noopener\">Emmanuel Macron <\/a>a annonc\u00e9 ce vendredi d\u00e9sirer l\u2019interdiction des t\u00e9l\u00e9phones portables dans les lyc\u00e9es \u00ab\u00a0\u00e0 partir de la rentr\u00e9e prochaine\u00a0\u00bb. \u00ab\u00a0C\u2019est le lieu o\u00f9 vous apprenez, et c\u2019est le lieu o\u00f9 vous \u00e9changez\u00a0\u00bb, a justifi\u00e9 le pr\u00e9sident, en soulignant les dangers de l\u2019addiction aux \u00e9crans, selon plusieurs m\u00e9dias dont <a href=\"https:\/\/www.franceinfo.fr\/societe\/education\/emmanuel-macron-annonce-l-interdiction-des-telephones-portables-dans-les-lycees-a-partir-de-la-rentree-prochaine_7645478.html\" target=\"_blank\" class=\"c-link c-link--is-underlined\" rel=\"noopener\">France Info<\/a> et <a href=\"https:\/\/www.estrepublicain.fr\/politique\/2025\/11\/28\/il-y-a-un-vrai-risque-emmanuel-macron-annonce-l-interdiction-des-portables-au-lycee\" target=\"_blank\" class=\"c-link c-link--is-underlined\" rel=\"noopener\">L\u2019Est R\u00e9publicain<\/a>.<\/p>\n<p>Alors que le dispositif \u00ab\u00a0Portable en pause\u00a0\u00bb, destin\u00e9 aux coll\u00e8ges, n\u2019est pas encore appliqu\u00e9 dans tous les \u00e9tablissements, le pr\u00e9sident a estim\u00e9 que l\u2019interdiction y fonctionne globalement bien. Emmanuel Macron est favorable depuis longtemps \u00e0 la r\u00e9gulation, voire \u00e0 l\u2019interdiction, des <a href=\"https:\/\/www.20minutes.fr\/dossier\/reseaux_sociaux\" class=\"c-link c-link--is-underlined\" target=\"_blank\" rel=\"noopener\">r\u00e9seaux sociaux<\/a> aux moins de 15 ans.<\/p>\n<\/p>\n<p>Le t\u00e9l\u00e9phone interdit jusqu\u2019au coll\u00e8ge depuis\u00a02018<\/p>\n<p>\u00ab\u00a0A partir de la rentr\u00e9e prochaine, on veut faire \u00ab\u00a0plus de portables au lyc\u00e9e\u00a0\u00bb pour vraiment aller au bout de cette d\u00e9marche et dire\u00a0: \u00ab\u00a0ce n\u2019est pas le lieu o\u00f9 vous devez faire \u00e7a, c\u2019est le lieu o\u00f9 vous apprenez et puis c\u2019est le lieu o\u00f9 vous \u00e9changez\u00a0\u00bb\u00a0\u00bb, a-t-il d\u00e9clar\u00e9. \u00ab\u00a0On a sorti le portable du coll\u00e8ge, maintenant dans tous les coll\u00e8ges \u00e0 la rentr\u00e9e derni\u00e8re, on va sans doute l\u2019\u00e9largir aux lyc\u00e9es \u00e0 la rentr\u00e9e prochaine avec le ministre. Il est en train de regarder \u00e7a\u00a0\u00bb, a ajout\u00e9 le chef de l\u2019Etat.<\/p>\n<p>Le t\u00e9l\u00e9phone est d\u00e9j\u00e0 interdit de la maternelle au coll\u00e8ge par une loi de\u00a02018, mais celle-ci peine parfois \u00e0 \u00eatre respect\u00e9e. Le dispositif \u00ab\u00a0portable en pause\u00a0\u00bb vise \u00e0 renforcer son application en contraignant les \u00e9l\u00e8ves \u00e0 le laisser pendant les cours dans des casiers, mallettes ou pochettes si n\u00e9cessaire.<\/p>\n","protected":false},"excerpt":{"rendered":"Les t\u00e9l\u00e9phones portables bient\u00f4t bannis des lyc\u00e9es\u00a0? Emmanuel Macron a annonc\u00e9 ce vendredi d\u00e9sirer l\u2019interdiction des t\u00e9l\u00e9phones portables&hellip;\n","protected":false},"author":2,"featured_media":564779,"comment_status":"","ping_status":"","sticky":false,"template":"","format":"standard","meta":{"footnotes":""},"categories":[2],"tags":[47,11,1073,1011,27,2633,16446,12,25,104,319],"class_list":{"0":"post-564778","1":"post","2":"type-post","3":"status-publish","4":"format-standard","5":"has-post-thumbnail","7":"category-actualites","8":"tag-actualite","9":"tag-actualites","10":"tag-emmanuel-macron","11":"tag-fr","12":"tag-france","13":"tag-lycee","14":"tag-lyceen","15":"tag-news","16":"tag-republique-francaise","17":"tag-societe","18":"tag-telephone"},"share_on_mastodon":{"url":"https:\/\/pubeurope.com\/@fr\/115628145795704690","error":""},"_links":{"self":[{"href":"https:\/\/www.europesays.com\/fr\/wp-json\/wp\/v2\/posts\/564778","targetHints":{"allow":["GET"]}}],"collection":[{"href":"https:\/\/www.europesays.com\/fr\/wp-json\/wp\/v2\/posts"}],"about":[{"href":"https:\/\/www.europesays.com\/fr\/wp-json\/wp\/v2\/types\/post"}],"author":[{"embeddable":true,"href":"https:\/\/www.europesays.com\/fr\/wp-json\/wp\/v2\/users\/2"}],"replies":[{"embeddable":true,"href":"https:\/\/www.europesays.com\/fr\/wp-json\/wp\/v2\/comments?post=564778"}],"version-history":[{"count":0,"href":"https:\/\/www.europesays.com\/fr\/wp-json\/wp\/v2\/posts\/564778\/revisions"}],"wp:featuredmedia":[{"embeddable":true,"href":"https:\/\/www.europesays.com\/fr\/wp-json\/wp\/v2\/media\/564779"}],"wp:attachment":[{"href":"https:\/\/www.europesays.com\/fr\/wp-json\/wp\/v2\/media?parent=564778"}],"wp:term":[{"taxonomy":"category","embeddable":true,"href":"https:\/\/www.europesays.com\/fr\/wp-json\/wp\/v2\/categories?post=564778"},{"taxonomy":"post_tag","embeddable":true,"href":"https:\/\/www.europesays.com\/fr\/wp-json\/wp\/v2\/tags?post=564778"}],"curies":[{"name":"wp","href":"https:\/\/api.w.org\/{rel}","templated":true}]}}