{"id":564788,"date":"2025-11-28T16:05:14","date_gmt":"2025-11-28T16:05:14","guid":{"rendered":"https:\/\/www.europesays.com\/fr\/564788\/"},"modified":"2025-11-28T16:05:14","modified_gmt":"2025-11-28T16:05:14","slug":"ineos-grenadiers-poursuit-la-revolution-dans-son-staff-elia-viviani-et-daryl-impey-nouveaux-directeurs-sportifs-lequipe","status":"publish","type":"post","link":"https:\/\/www.europesays.com\/fr\/564788\/","title":{"rendered":"Ineos Grenadiers poursuit la r\u00e9volution dans son staff : Elia Viviani et Daryl Impey nouveaux directeurs sportifs &#8211; L&#039;\u00c9quipe"},"content":{"rendered":"<ol>\n<li><a href=\"https:\/\/news.google.com\/rss\/articles\/CBMiggJBVV95cUxPcXRXZ0dXSTg5RzlvTTJ3bXlsTV9LMzhDOTVoQ1pwQmJKR2xUSWtvTEtrSnNkOU5rQjRPdGFCWXQtNGpqNkxwT2ZNaC0yODdnWk1HSzdLY1A4eUJuQzktdWtya1VSRzhMQU5PTHNmMkNFZ0NacldOcDd2LVF1N09VM0dUX2lRbUdKU2VacTZtcnE1X1lSdXctMDF2SFdWMk1ucU5WWnZoQ2RWOVNPb0tvZ3JONkxtV2d6SG5ZTWNsNWxhRFUzSFgyQlpneVA1akVjRG9PT0IxWmM2eHhsVmR5aERaZ2tQcFBKem9zMFJKZEpvbTVvVUFFQUVuYXNTVmpmZ0E?oc=5\" target=\"_blank\" rel=\"noopener\">Ineos Grenadiers poursuit la r\u00e9volution dans son staff : Elia Viviani et Daryl Impey nouveaux directeurs sportifs<\/a>&nbsp;&nbsp;L&rsquo;\u00c9quipe<\/li>\n<li><a href=\"https:\/\/news.google.com\/rss\/articles\/CBMixAFBVV95cUxPNGZEZzNYcXhrRl81dEw5ZC1fcmhOdFl5c2k5MEl1OEZkTElJeTJWZWhTZFRwaC1sWV9uczhCdnkxdENwYkUxVkhHd2FZV05CWi1SV09qUk4wd2NHUHQ4VWdGakpFbm4yMHdWSDFxLXBHb1l4aHlmcVRJcnZQeUxEUnJlYVpPM1Vack5BR0g4eU9iU0VXMEJyU0J2Y0VyNEpYSVFXUnBja3ZxUDdfSTJfdGljQmlCR3JKWWdvZEVlekhpdzZR0gHDAUFVX3lxTE8wc0lYckhhNXNPNG8zVEpLS0V2MW9ZcVJpVDNJZ2k4SU51Y1VNcHhySnJYRWF5dl80MHhmamg2RDZaNE5JTVByQm1PaVU2X0hTeURZMXE5S1BZR05sNC1qdXBXT21RZ2dSZXR5bGtHZTFuV1REMWlXT3BiaHNNaS1FMmExOUV4dDkzVmh4YzRRblpBSWJkVERwRnNDTEgzaV9OWUluZWZzaWtEeW5jYkxONlNWMnZZMlFlOXZOd0JRNk1iUQ?oc=5\" target=\"_blank\" rel=\"noopener\">Ineos Grenadiers : Au tour de Viviani et Impey d&rsquo;int\u00e9grer le staff : Sports &#8211; Orange<\/a>&nbsp;&nbsp;Sports &#8211; Orange<\/li>\n<li><a href=\"https:\/\/news.google.com\/rss\/articles\/CBMiugFBVV95cUxPaURMX0Y0X2lEMDE4Q29JdlRjc1VQT255VGR6dUNkcnI4T1hjSTN1cWdFTGpIRWhITEpUZjBOOGRHNFdGRmhabG5qd3ZEUTRscGpld2RkRS1RUEo4OFc0Y1h2VUFqSUlVVUJBYUJCNnlqTWlEbWdfdndzVE1OMEdVSjZ4UGlRckVJV1RuclJtSXNUQmJaVmktRkZtWGJHS2drWWIxMXRaX01YSUtHLUdjVE1Gb0Y1bmtnRGc?oc=5\" target=\"_blank\" rel=\"noopener\">Geraint Thomas prend la t\u00eate de la direction sportive d&rsquo;Ineos<\/a>&nbsp;&nbsp;Eurosport<\/li>\n<li><a href=\"https:\/\/news.google.com\/rss\/articles\/CBMigwFBVV95cUxNQ1B4STVVX0tiNmdneUc0YjdwSXNlSHhiYjdvUkh2VGxvU0JENTVZQ0dwMDB1aTFtOTdMeUxvUlBjSEtudUY3c1N5VURNNjBYUThNNzhjdXZheUJzc0h4c0tTejBIZ21IZDZkSXZ4QU0zMnFrWkplTkJvYTJ5ckVrbDlKYw?oc=5\" target=\"_blank\" rel=\"noopener\">Thomas devient directeur de course<\/a>&nbsp;&nbsp;Sports.fr<\/li>\n<li><a href=\"https:\/\/news.google.com\/rss\/articles\/CBMijAFBVV95cUxONThzcnNDaUFfQlZuNUpaNlEtaERXT1c2QTFfS05WTXpyTlJUaEdQTTg4WVVqejJvY0U0VC1TN3FoWWlSSXJIWlNxNWJub3MwN3J6ZDVyQXJnSVBFN05MVVBqNGtJeWVDNl8zWE1qUFluRTJJYWxtUWFkTG45ZXlHOURweUM0VmF4SS04bg?oc=5\" target=\"_blank\" rel=\"noopener\">D\u00e9j\u00e0 manager de l&rsquo;\u00e9quipe d&rsquo;Italie, Elia Viviani est embauch\u00e9 par une grosse \u00e9quipe<\/a>&nbsp;&nbsp;DirectVelo<\/li>\n<\/ol>\n","protected":false},"excerpt":{"rendered":"Ineos Grenadiers poursuit la r\u00e9volution dans son staff : Elia Viviani et Daryl Impey nouveaux directeurs sportifs&nbsp;&nbsp;L&rsquo;\u00c9quipe Ineos&hellip;\n","protected":false},"author":2,"featured_media":564789,"comment_status":"","ping_status":"","sticky":false,"template":"","format":"standard","meta":{"footnotes":""},"categories":[1411],"tags":[1154,207,1011,27,60],"class_list":{"0":"post-564788","1":"post","2":"type-post","3":"status-publish","4":"format-standard","5":"has-post-thumbnail","7":"category-cyclisme","8":"tag-cycling","9":"tag-cyclisme","10":"tag-fr","11":"tag-france","12":"tag-sports"},"share_on_mastodon":{"url":"https:\/\/pubeurope.com\/@fr\/115628181161189631","error":""},"_links":{"self":[{"href":"https:\/\/www.europesays.com\/fr\/wp-json\/wp\/v2\/posts\/564788","targetHints":{"allow":["GET"]}}],"collection":[{"href":"https:\/\/www.europesays.com\/fr\/wp-json\/wp\/v2\/posts"}],"about":[{"href":"https:\/\/www.europesays.com\/fr\/wp-json\/wp\/v2\/types\/post"}],"author":[{"embeddable":true,"href":"https:\/\/www.europesays.com\/fr\/wp-json\/wp\/v2\/users\/2"}],"replies":[{"embeddable":true,"href":"https:\/\/www.europesays.com\/fr\/wp-json\/wp\/v2\/comments?post=564788"}],"version-history":[{"count":0,"href":"https:\/\/www.europesays.com\/fr\/wp-json\/wp\/v2\/posts\/564788\/revisions"}],"wp:featuredmedia":[{"embeddable":true,"href":"https:\/\/www.europesays.com\/fr\/wp-json\/wp\/v2\/media\/564789"}],"wp:attachment":[{"href":"https:\/\/www.europesays.com\/fr\/wp-json\/wp\/v2\/media?parent=564788"}],"wp:term":[{"taxonomy":"category","embeddable":true,"href":"https:\/\/www.europesays.com\/fr\/wp-json\/wp\/v2\/categories?post=564788"},{"taxonomy":"post_tag","embeddable":true,"href":"https:\/\/www.europesays.com\/fr\/wp-json\/wp\/v2\/tags?post=564788"}],"curies":[{"name":"wp","href":"https:\/\/api.w.org\/{rel}","templated":true}]}}