{"id":564794,"date":"2025-11-28T16:08:15","date_gmt":"2025-11-28T16:08:15","guid":{"rendered":"https:\/\/www.europesays.com\/fr\/564794\/"},"modified":"2025-11-28T16:08:15","modified_gmt":"2025-11-28T16:08:15","slug":"laveyronnaise-de-manhac-justine-soulie-traduit-son-esprit-creatif-dans-le-volet-strategique-du-graphisme","status":"publish","type":"post","link":"https:\/\/www.europesays.com\/fr\/564794\/","title":{"rendered":"L&rsquo;Aveyronnaise de Manhac Justine Souli\u00e9 traduit son esprit cr\u00e9atif dans le volet strat\u00e9gique du graphisme"},"content":{"rendered":"<p>\n                                                                La jeune femme de 21 ans conjugue, \u00e0 Paris, \u00e9tudes et statut d\u2019ind\u00e9pendante.\n                            <\/p>\n<p>Avec Justine Souli\u00e9, c\u2019est une certitude : la valeur n\u2019attend pas le nombre des ann\u00e9es ! Apr\u00e8s avoir brillamment d\u00e9croch\u00e9 son baccalaur\u00e9at en arts appliqu\u00e9s (STD2A), avec mention tr\u00e8s bien et f\u00e9licitations du jury, en 2022, au lyc\u00e9e Fran\u00e7ois-d\u2019Estaing, \u00e0 Rodez, elle a pris la direction de Lyon, pour rejoindre l\u2019\u00e9cole sup\u00e9rieure d\u2019arts appliqu\u00e9s, pour une licence et un dipl\u00f4me national des m\u00e9tiers d\u2019art et du design.<\/p>\n<p>Et l\u00e0 encore avec un niveau qui en dit long sur ses capacit\u00e9s : mention excellence professionnelle. Avant de monter, voil\u00e0 quelques mois, \u00e0 la capitale pour int\u00e9grer l\u2019\u00e9cole nationale sup\u00e9rieure des arts appliqu\u00e9s et des m\u00e9tiers d\u2019art, situ\u00e9e dans le 15e arrondissement de Paris. Elle explique son choix : \u00ab\u00a0Ce master \u00ab\u00a0strat\u00e9gie de communication en design de marques\u00a0\u00bb va me permettre de compl\u00e9ter ma formation\u00a0\u00bb.<\/p>\n<p>Elle ne s\u2019arr\u00eate jamais ! Oeuvrant toujours avec d\u00e9termination et pr\u00e9cision. Elle sait o\u00f9 elle veut aller : \u00ab\u00a0J\u2019aime le volet strat\u00e9gie dans le graphisme. Pour trouver un nom, une identit\u00e9 visuelle\u00a0\u00bb.<\/p>\n<p>\u00ab\u00a0Un pop-up \u00e9v\u00e9nementiel pour le Rose festival \u00e0 Toulouse\u00a0\u00bb<\/p>\n<p>N\u00e9e \u00e0 Rodez, en 2004, Justine Souli\u00e9 a grandi dans le village de Manhac, pr\u00e8s de Baraqueville. Dans une famille qu\u2019elle qualifie de \u00ab\u00a0100 % aveyronnaise\u00a0\u00bb. \u00ab\u00a0Je suis un pur produit local !\u00a0\u00bb, s\u2019amuse-t-elle. Apr\u00e8s le coll\u00e8ge baraquevillois Albert-Camus, elle a donc ralli\u00e9 le chef-lieu pour les trois derni\u00e8res ann\u00e9es de sa scolarit\u00e9. Avec \u00ab\u00a0une id\u00e9e bien pr\u00e9cise\u00a0\u00bb pour l\u2019orientation.<\/p>\n<p>Elle n\u2019a pas oubli\u00e9 : \u00ab\u00a0J\u2019ai toujours baign\u00e9 dans la cr\u00e9ation\u00a0\u00bb. C\u2019est ainsi que, par exemple, elle a pratiqu\u00e9 le dessin, durant huit ans, chez Ang\u00e9lique Ruelle, dans son atelier Une touche d\u2019art, situ\u00e9 \u00e0 Baraqueville. Tout en poursuivant ses \u00e9tudes, elle s\u2019est install\u00e9e en freelance, pour \u00ab\u00a0travailler sur quelques petites commandes\u00a0\u00bb.<\/p>\n<p>Elle revient sur la naissance de l\u2019exp\u00e9rience \u00e0 son compte : \u00ab\u00a0Apr\u00e8s avoir imagin\u00e9 un pop-up \u00e9v\u00e9nementiel pour le Rose Festival, qui a lieu \u00e0 Toulouse d\u00e9but septembre, \u00e0 l\u2019initiative, notamment, de BigFlo et Oli, dans le cadre de mon projet de dipl\u00f4me, j\u2019ai gard\u00e9 mes palettes aux nuances ros\u00e9es et prolong\u00e9 l\u2019aventure en participant au concours du merch 2025, o\u00f9 je suis tr\u00e8s fi\u00e8re d\u2019avoir figur\u00e9 parmi les finalistes\u00a0\u00bb.<\/p>\n<p>Son r\u00eave est de s&rsquo;installer en Aveyron<\/p>\n<p>Elle en dit plus : \u00ab\u00a0Pour cette proposition libre, j\u2019ai voulu c\u00e9l\u00e9brer ce qui le rend unique : un \u00e9v\u00e9nement fier de ses racines qui met \u00e0 l\u2019honneur ses valeurs conviviales, ses briques embl\u00e9matiques et son atmosph\u00e8re unique\u00a0\u00bb. Le tee-shirt imagin\u00e9 par la jeune Aveyronnaise \u00ab\u00a0m\u00eale les symboles phares de Toulouse \u00e0 l\u2019identit\u00e9 joyeuse du festival\u00a0\u00bb, dans une illustration dessin\u00e9e \u00e0 la main.<\/p>\n<p>Elle est intarissable sur le sujet : \u00ab\u00a0M\u00eame s\u2019il ne figure pas dans le merch officiel, je ne voulais pas laisser mon visuel de c\u00f4t\u00e9. Alors, j\u2019ai d\u00e9cid\u00e9 de le faire vivre autrement&#8230; En le faisant porter \u00e0 mes copains !\u00a0\u00bb. Quand elle aura boucl\u00e9 son cursus, elle veut \u00ab\u00a0trouver un poste de salari\u00e9e\u00a0\u00bb : \u00ab\u00a0Je n\u2019ai pas encore la l\u00e9gitimit\u00e9 pour voler de mes propres ailes. J\u2019ai besoin d\u2019acqu\u00e9rir de l\u2019exp\u00e9rience, d\u2019avoir un bagage plus solide\u00a0\u00bb.<\/p>\n<p>Elle cible diverses missions : \u00ab\u00a0Concevoir des structures spatiales et \u00e9ph\u00e9m\u00e8res, des dispositifs cr\u00e9atifs et 3D, des pop-up pour des lancements de produits, de concerts ou de festivals\u00a0\u00bb. Son r\u00eave est de \u00ab\u00a0le faire en Aveyron\u00a0\u00bb. Tout en restant r\u00e9aliste sur la question : \u00ab\u00a0Je ne veux pas me fermer des portes\u00a0\u00bb.<\/p>\n<p>En attendant de mettre peut-\u00eatre le cap au sud \u00e0 titre professionnel, elle n\u2019a pas coup\u00e9 les ponts avec ses racines : \u00ab\u00a0J\u2019ai gard\u00e9 l\u2019accent et je reviens d\u00e8s que possible. D\u00e8s que j\u2019ai des vacances, pour me ressourcer, pour voir la famille\u00a0\u00bb.<\/p>\n","protected":false},"excerpt":{"rendered":"La jeune femme de 21 ans conjugue, \u00e0 Paris, \u00e9tudes et statut d\u2019ind\u00e9pendante. Avec Justine Souli\u00e9, c\u2019est une&hellip;\n","protected":false},"author":2,"featured_media":564795,"comment_status":"","ping_status":"","sticky":false,"template":"","format":"standard","meta":{"footnotes":""},"categories":[1358],"tags":[1348,1384,1385,1386,58,59,1011,27],"class_list":{"0":"post-564794","1":"post","2":"type-post","3":"status-publish","4":"format-standard","5":"has-post-thumbnail","7":"category-arts-et-design","8":"tag-arts","9":"tag-arts-and-design","10":"tag-arts-et-design","11":"tag-design","12":"tag-divertissement","13":"tag-entertainment","14":"tag-fr","15":"tag-france"},"share_on_mastodon":{"url":"https:\/\/pubeurope.com\/@fr\/115628192804416116","error":""},"_links":{"self":[{"href":"https:\/\/www.europesays.com\/fr\/wp-json\/wp\/v2\/posts\/564794","targetHints":{"allow":["GET"]}}],"collection":[{"href":"https:\/\/www.europesays.com\/fr\/wp-json\/wp\/v2\/posts"}],"about":[{"href":"https:\/\/www.europesays.com\/fr\/wp-json\/wp\/v2\/types\/post"}],"author":[{"embeddable":true,"href":"https:\/\/www.europesays.com\/fr\/wp-json\/wp\/v2\/users\/2"}],"replies":[{"embeddable":true,"href":"https:\/\/www.europesays.com\/fr\/wp-json\/wp\/v2\/comments?post=564794"}],"version-history":[{"count":0,"href":"https:\/\/www.europesays.com\/fr\/wp-json\/wp\/v2\/posts\/564794\/revisions"}],"wp:featuredmedia":[{"embeddable":true,"href":"https:\/\/www.europesays.com\/fr\/wp-json\/wp\/v2\/media\/564795"}],"wp:attachment":[{"href":"https:\/\/www.europesays.com\/fr\/wp-json\/wp\/v2\/media?parent=564794"}],"wp:term":[{"taxonomy":"category","embeddable":true,"href":"https:\/\/www.europesays.com\/fr\/wp-json\/wp\/v2\/categories?post=564794"},{"taxonomy":"post_tag","embeddable":true,"href":"https:\/\/www.europesays.com\/fr\/wp-json\/wp\/v2\/tags?post=564794"}],"curies":[{"name":"wp","href":"https:\/\/api.w.org\/{rel}","templated":true}]}}