{"id":564798,"date":"2025-11-28T16:11:13","date_gmt":"2025-11-28T16:11:13","guid":{"rendered":"https:\/\/www.europesays.com\/fr\/564798\/"},"modified":"2025-11-28T16:11:13","modified_gmt":"2025-11-28T16:11:13","slug":"levolution-physique-de-mariah-carey-et-son-eternel-tube-de-noel","status":"publish","type":"post","link":"https:\/\/www.europesays.com\/fr\/564798\/","title":{"rendered":"l&rsquo;\u00e9volution physique de Mariah Carey et son \u00e9ternel tube de No\u00ebl"},"content":{"rendered":"<p>Il n\u2019existe pas de bonne playlist de No\u00ebl sans \u00ab\u00a0All I Want For Christmas\u00a0is You\u00a0\u00bb. Pourtant, \u00e0 sa sortie, en 1994, <a href=\"https:\/\/www.parismatch.com\/culture\/musique\/mariah-carey-nest-plus-la-reine-de-noel-232428\" target=\"_blank\" rel=\"noopener\">la chanson de Mariah Carey<\/a>, extraite de son quatri\u00e8me album studio, sp\u00e9cial No\u00ebl, n\u2019a connu qu\u2019un succ\u00e8s mod\u00e9r\u00e9, n\u2019atteignant m\u00eame pas le top 10 du classement Billboard aux \u00c9tats-Unis. L\u2019hiver suivant, le titre aurait pu \u00eatre oubli\u00e9. Mais les grelots ont continu\u00e9 de tinter, et, ann\u00e9e apr\u00e8s ann\u00e9e, le titre est devenu un tube incontournable des f\u00eates, revenant \u00e0 chaque mois de d\u00e9cembre en t\u00eate des \u00e9coutes sur les plateformes de streaming.<\/p>\n<p>\u00ab\u00a0Je travaillais toute seule sur un petit clavier Casio, j\u2019\u00e9crivais des mots en me demandant\u00a0: \u2018Qu\u2019est-ce que j\u2019associe \u00e0 No\u00ebl\u00a0? Qu\u2019est-ce que j\u2019aime\u00a0? Qu\u2019est-ce que je veux\u00a0? \u00c0 quoi je r\u00eave\u00a0?\u2019 Et c\u2019est comme \u00e7a que tout a commenc\u00e9\u00a0\u00bb, a expliqu\u00e9 Mariah Carey dans une interview accord\u00e9e \u00e0 \u00ab\u00a0<a href=\"https:\/\/abcnews.go.com\/GMA\/Culture\/mariah-carey-talks-christmas-legacy-new-holiday-tour\/story?id=104656261\" target=\"_blank\" rel=\"noopener\">ABC News<\/a>\u00a0\u00bb en 2013. Et d\u2019ajouter\u00a0: \u00ab\u00a0Mon objectif \u00e9tait de cr\u00e9er quelque chose d\u2019intemporel, pour que \u00e7a ne sonne pas comme les ann\u00e9es 1990, \u00e9poque o\u00f9 je l\u2019ai \u00e9crite.\u00a0\u00bb Pari r\u00e9ussi, la chanson \u00e0 la m\u00e9lodie joyeusement ent\u00eatante n\u2019a jamais sonn\u00e9 dat\u00e9e. Mais son caract\u00e8re ind\u00e9modable n\u2019est pas la (seule) raison de son succ\u00e8s.<\/p>\n<p>    La suite apr\u00e8s cette publicit\u00e9<\/p>\n<p>Mariah Carey, reine de No\u00ebl<\/p>\n<p>Pr\u00e8s de dix ans apr\u00e8s sa sortie, \u00ab\u00a0All I Want For Christmas is You\u00a0\u00bb a \u00e9t\u00e9 repris par Olivia Olson (qui joue Joanna) dans l\u2019une des sc\u00e8nes finales de \u00ab\u00a0Love Actually\u00a0\u00bb (2003). Imm\u00e9diatement devenu culte, le film de No\u00ebl par excellence a relanc\u00e9 la chanson &#8211; et la carri\u00e8re de Mariah Carey, qui traversait alors une p\u00e9riode difficile entre l\u2019\u00e9chec de son film \u00ab\u00a0Glitter\u00a0\u00bb (2001) et sa d\u00e9pression. La diva a alors commenc\u00e9 \u00e0 capitaliser sur son tube\u00a0: en 2010, elle a sorti un deuxi\u00e8me album de No\u00ebl, avec une version \u00ab\u00a0extra-festive\u00a0\u00bb de \u00ab\u00a0All I Want For Christmas\u00a0\u00bb, puis, en 2011, c\u2019est une version \u00ab\u00a0super festive\u00a0\u00bb avec Justin Bieber qu\u2019elle a d\u00e9voil\u00e9.<\/p>\n<p>    La suite apr\u00e8s cette publicit\u00e9<\/p>\n<p><a href=\"https:\/\/www.parismatch.com\/people\/mariah-carey-sur-scene-avec-ses-jumeaux-deja-fans-de-sa-chanson-all-i-want-christmas-you-219138\" target=\"_blank\" rel=\"noopener\">Apr\u00e8s de nombreux concerts de No\u00ebl,<\/a> aux \u00c9tats-Unis et ailleurs, et des performances aux parades de fin d\u2019ann\u00e9e de Disney, \u00e0 Orlando, ou aux illuminations du Rockefeller Center, \u00e0 New York, Mariah Carey s\u2019est impos\u00e9e comme la reine de No\u00ebl. Et, depuis 2019, elle partage chaque 1er\u00a0d\u00e9cembre sur les r\u00e9seaux sociaux, <a href=\"https:\/\/www.parismatch.com\/People\/its-tiiiiime-mariah-carey-lance-officiellement-la-magie-de-noel-avec-une-video-deja-virale-259503\" target=\"_blank\" rel=\"noopener\">une vid\u00e9o pour lancer les festivit\u00e9s de fin d\u2019ann\u00e9e au son de \u00ab\u00a0All I Want For Christmas\u00a0\u00bb<\/a>. Une campagne de communication hivernale bien rod\u00e9e qui porte ses fruits\u00a0: en 2024, le titre a d\u00e9pass\u00e9 les 2\u00a0milliards d\u2019\u00e9coutes, selon Spotify, un record pour une chanson de No\u00ebl. Et Mariah Carey n\u2019a pas l\u2019intention de se laisser d\u00e9tr\u00f4ner.<\/p><\/p>\n","protected":false},"excerpt":{"rendered":"Il n\u2019existe pas de bonne playlist de No\u00ebl sans \u00ab\u00a0All I Want For Christmas\u00a0is You\u00a0\u00bb. Pourtant, \u00e0 sa&hellip;\n","protected":false},"author":2,"featured_media":564799,"comment_status":"","ping_status":"","sticky":false,"template":"","format":"standard","meta":{"footnotes":""},"categories":[1355],"tags":[58,59,1011,27,1361,873],"class_list":{"0":"post-564798","1":"post","2":"type-post","3":"status-publish","4":"format-standard","5":"has-post-thumbnail","7":"category-musique","8":"tag-divertissement","9":"tag-entertainment","10":"tag-fr","11":"tag-france","12":"tag-music","13":"tag-musique"},"share_on_mastodon":{"url":"https:\/\/pubeurope.com\/@fr\/115628204706272942","error":""},"_links":{"self":[{"href":"https:\/\/www.europesays.com\/fr\/wp-json\/wp\/v2\/posts\/564798","targetHints":{"allow":["GET"]}}],"collection":[{"href":"https:\/\/www.europesays.com\/fr\/wp-json\/wp\/v2\/posts"}],"about":[{"href":"https:\/\/www.europesays.com\/fr\/wp-json\/wp\/v2\/types\/post"}],"author":[{"embeddable":true,"href":"https:\/\/www.europesays.com\/fr\/wp-json\/wp\/v2\/users\/2"}],"replies":[{"embeddable":true,"href":"https:\/\/www.europesays.com\/fr\/wp-json\/wp\/v2\/comments?post=564798"}],"version-history":[{"count":0,"href":"https:\/\/www.europesays.com\/fr\/wp-json\/wp\/v2\/posts\/564798\/revisions"}],"wp:featuredmedia":[{"embeddable":true,"href":"https:\/\/www.europesays.com\/fr\/wp-json\/wp\/v2\/media\/564799"}],"wp:attachment":[{"href":"https:\/\/www.europesays.com\/fr\/wp-json\/wp\/v2\/media?parent=564798"}],"wp:term":[{"taxonomy":"category","embeddable":true,"href":"https:\/\/www.europesays.com\/fr\/wp-json\/wp\/v2\/categories?post=564798"},{"taxonomy":"post_tag","embeddable":true,"href":"https:\/\/www.europesays.com\/fr\/wp-json\/wp\/v2\/tags?post=564798"}],"curies":[{"name":"wp","href":"https:\/\/api.w.org\/{rel}","templated":true}]}}