{"id":56480,"date":"2025-04-27T09:25:08","date_gmt":"2025-04-27T09:25:08","guid":{"rendered":"https:\/\/www.europesays.com\/fr\/56480\/"},"modified":"2025-04-27T09:25:08","modified_gmt":"2025-04-27T09:25:08","slug":"les-resultats-sont-bons-et-encourageants","status":"publish","type":"post","link":"https:\/\/www.europesays.com\/fr\/56480\/","title":{"rendered":"\u00ab\u00a0Les r\u00e9sultats sont bons et encourageants\u00a0\u00bb"},"content":{"rendered":"<p>La situation de Jorge Mart\u00edn (Aprilia Racing) s&rsquo;am\u00e9liore et le moral est au beau fixe depuis que le Champion du Monde MotoGP\u2122 en titre a \u00e9t\u00e9 rapatri\u00e9 du Qatar vers Madrid pour poursuivre sa convalescence. L&rsquo;Espagnol est violemment parti \u00e0 la faute \u00e0 Lusail alors qu&rsquo;il f\u00eatait son retour \u00e0 la comp\u00e9tition apr\u00e8s une chute en pr\u00e9-saison. Malheureusement, ce nouveau coup dur lui a provoqu\u00e9 un h\u00e9mopneumothorax ainsi que de multiples fractures au niveau des c\u00f4tes.<\/p>\n<p>Un nouveau communiqu\u00e9 d&rsquo;Aprilia a \u00e9t\u00e9 publi\u00e9 dimanche \u00e0 l&rsquo;occasion de ce qui aurait \u00e9t\u00e9 le Grand Prix \u00e0 domicile du n\u00b01. Celui-ci comprend les commentaires du directeur m\u00e9dical du MotoGP\u2122, \u00c1ngel Charte, qui fait le point sur la situation : \u00ab Hier, Jorge Mart\u00edn a pass\u00e9 un scanner \u00e0 l&rsquo;h\u00f4pital Ruber Quir\u00f3n dont les r\u00e9sultats sont bons et tr\u00e8s encourageants. Mart\u00edn a des poumons parfaits. La pl\u00e8vre, qui est la membrane qui entoure le poumon, est compl\u00e8tement ferm\u00e9e \u00bb.<\/p>\n<p>\u00ab De plus, sur les 11 fractures de base, il n&rsquo;en reste que trois. Elles se situent sur les septi\u00e8me, huiti\u00e8me et onzi\u00e8me c\u00f4tes, et montrent d\u00e9j\u00e0 la progression du cal. J&rsquo;estime que l&rsquo;\u00e9volution est tr\u00e8s positive. D\u00e9sormais, il faut attendre aussi longtemps que n\u00e9cessaire et continuer \u00e0 surveiller l&rsquo;\u00e9volution de ces fractures depuis Madrid \u00bb.<\/p>\n<p>Plus t\u00f4t dans le week-end, le PDG d&rsquo;Aprilia Racing, Massimo Rivola, nous avait d\u00e9j\u00e0 donn\u00e9 des nouvelles de son pilote. Aucune date de retour n&rsquo;a \u00e9t\u00e9 fix\u00e9e pour le moment, le r\u00e9tablissement complet du Madril\u00e8ne \u00e9tant une priorit\u00e9. Cependant, suite \u00e0 ces informations fournies par \u00c1ngel Charte, Aprilia et le reste du paddock MotoGP\u2122 ont bon espoir de revoir le Champion du Monde en titre prochainement.<\/p>\n","protected":false},"excerpt":{"rendered":"La situation de Jorge Mart\u00edn (Aprilia Racing) s&rsquo;am\u00e9liore et le moral est au beau fixe depuis que le&hellip;\n","protected":false},"author":2,"featured_media":56481,"comment_status":"","ping_status":"","sticky":false,"template":"","format":"standard","meta":{"footnotes":""},"categories":[1413],"tags":[1011,27,1457,1456,60,2032],"class_list":{"0":"post-56480","1":"post","2":"type-post","3":"status-publish","4":"format-standard","5":"has-post-thumbnail","7":"category-moto","8":"tag-fr","9":"tag-france","10":"tag-moto","11":"tag-motocycle","12":"tag-sports","13":"tag-text"},"share_on_mastodon":{"url":"https:\/\/pubeurope.com\/@fr\/114409211398589825","error":""},"_links":{"self":[{"href":"https:\/\/www.europesays.com\/fr\/wp-json\/wp\/v2\/posts\/56480","targetHints":{"allow":["GET"]}}],"collection":[{"href":"https:\/\/www.europesays.com\/fr\/wp-json\/wp\/v2\/posts"}],"about":[{"href":"https:\/\/www.europesays.com\/fr\/wp-json\/wp\/v2\/types\/post"}],"author":[{"embeddable":true,"href":"https:\/\/www.europesays.com\/fr\/wp-json\/wp\/v2\/users\/2"}],"replies":[{"embeddable":true,"href":"https:\/\/www.europesays.com\/fr\/wp-json\/wp\/v2\/comments?post=56480"}],"version-history":[{"count":0,"href":"https:\/\/www.europesays.com\/fr\/wp-json\/wp\/v2\/posts\/56480\/revisions"}],"wp:featuredmedia":[{"embeddable":true,"href":"https:\/\/www.europesays.com\/fr\/wp-json\/wp\/v2\/media\/56481"}],"wp:attachment":[{"href":"https:\/\/www.europesays.com\/fr\/wp-json\/wp\/v2\/media?parent=56480"}],"wp:term":[{"taxonomy":"category","embeddable":true,"href":"https:\/\/www.europesays.com\/fr\/wp-json\/wp\/v2\/categories?post=56480"},{"taxonomy":"post_tag","embeddable":true,"href":"https:\/\/www.europesays.com\/fr\/wp-json\/wp\/v2\/tags?post=56480"}],"curies":[{"name":"wp","href":"https:\/\/api.w.org\/{rel}","templated":true}]}}