{"id":564806,"date":"2025-11-28T16:15:16","date_gmt":"2025-11-28T16:15:16","guid":{"rendered":"https:\/\/www.europesays.com\/fr\/564806\/"},"modified":"2025-11-28T16:15:16","modified_gmt":"2025-11-28T16:15:16","slug":"lanalyse-des-cotes-du-quinte-du-vendredi-28-novembre-equidia","status":"publish","type":"post","link":"https:\/\/www.europesays.com\/fr\/564806\/","title":{"rendered":"L&#039;analyse des cotes du Quint\u00e9+ du vendredi 28 novembre &#8211; Equidia"},"content":{"rendered":"<ol>\n<li><a href=\"https:\/\/news.google.com\/rss\/articles\/CBMirAFBVV95cUxPLWVYLWRqRTA4cUNyNk4tQnBic2NpVWl3WGZzZGEyOGRiSGZDN3oyU0xhbjlET2I0dnBhV1Y2T09mOU9Cc2pidV9SNk5iQmFodzF3bnY1Q2RHZTRVMUo5NVRkc2pJU0xsMUE4MVU3RTVHSzR1TFpaMm5tLS1KV1B1QzhaUV9VSG1kcWhCM2NWMVhIWjVmaVZSa3UyWWRiSTFyX2xxdXoxTFFabzRS?oc=5\" target=\"_blank\" rel=\"noopener\">L&rsquo;analyse des cotes du Quint\u00e9+ du vendredi 28 novembre<\/a>&nbsp;&nbsp;Equidia<\/li>\n<li><a href=\"https:\/\/news.google.com\/rss\/articles\/CBMiwgFBVV95cUxPcHU0eFhRUWM5NTBvZ2dFUHhTUkZJZXQwbnBsczhXVDZGRkFPcEQ2MHBrWm1kckdVTWJWLXhwRkFYX2I5QkxBM3Q1YXBGOGJxOUpJdHBEMHQzaGVHNDdqaXV3dk1HWldIWE9GUXJwUnRQeUFETWF6N2tVOUo2TUxmbGprRnlvaUkyelBXbkVjV28waENFVVFKZ0FDNVozeEV2Sll0N1VWdElVTXczenB3NG9SVmRaVnFjYmVJeVpSdU5fQQ?oc=5\" target=\"_blank\" rel=\"noopener\">Quint\u00e9 du vendredi 28 novembre 2025 en nocturne \u00e0 Vincennes : les pronostics<\/a>&nbsp;&nbsp;RTL.fr<\/li>\n<li><a href=\"https:\/\/news.google.com\/rss\/articles\/CBMirwFBVV95cUxOcFNkeHpHd0I0UGhWSnVocHl3bTNiOE95VU5fNHk0M18tRkVhdzVuLTE4aHliZWdubXhDLU94VDJZOFY2d3c1OTNxSkI4N19HZUlCUHdDdUI0d21wYXZTbVRkS3Y2ekhzOC1LQVpLcy1YNDNuWFljTnVNS2U0OUdEckZUM0pTWFBQTXVQVzJEUERLM0ZpX09KamdqMnJrZE9YWVQ0N3F3V2VHZ092ZVo0?oc=5\" target=\"_blank\" rel=\"noopener\">Tierc\u00e9. Les pronostics de L&rsquo;Alsace pour vendredi 28 novembre &#8211; Prix Melusina<\/a>&nbsp;&nbsp;L&rsquo;Alsace<\/li>\n<li><a href=\"https:\/\/news.google.com\/rss\/articles\/CBMisgFBVV95cUxPLWw2eFhLcFNlTFRnX05HTzlOTUk4cFJLVGlfMmJIYk1CanI3YzJsYU80VE9fYm1FbzhhdnVZOHZ0V0xDNjdHbEVsSHRETFVxVzNHREpwTUk0bVRQNFpvVWp6Z3lBaFpDVEtaVzR6MV8xM1BTdWlCeUJPUGV4QU9yNjZGdkhJSG9adGxkMWh2UUZHb3RnaWU2WndmOVNPWUExZHktRFlpWF9hdU5yOXZ1MXBn?oc=5\" target=\"_blank\" rel=\"noopener\">Les pronos hippiques du vendredi 28 novembre 2025<\/a>&nbsp;&nbsp;RMC Sport<\/li>\n<li><a href=\"https:\/\/news.google.com\/rss\/articles\/CBMixwFBVV95cUxOTVpmNUdfOGs3U0dyOGp1a29GUi05dUpwRk9tY1pSbEh4UDhlanY0MVVtYzQzc253RTdYRW44NHVKbGZSUTJ0ZjdpN3hnU2lZM3VfOE8yM2xBMUwyVmlBbGlJT0EtYWNQRU1hYUJzMG1OSFZ4dGFGaG5IaEI4a2NzcG9JWTIwYnhpTUtsTk5CMkt6dks3MTNxMHlfSDFUdWRPZWVXUE8wOVpVTVdjV3hkTGhCbHFKQjM0aVZ2R3ZKclVud2JydENZ?oc=5\" target=\"_blank\" rel=\"noopener\">Quint\u00e9+: Job des Louanges, l\u2019outsider s\u00e9duisant du vendredi 28 novembre \u00e0 Vincennes<\/a>&nbsp;&nbsp;Equidia<\/li>\n<\/ol>\n","protected":false},"excerpt":{"rendered":"L&rsquo;analyse des cotes du Quint\u00e9+ du vendredi 28 novembre&nbsp;&nbsp;Equidia Quint\u00e9 du vendredi 28 novembre 2025 en nocturne \u00e0&hellip;\n","protected":false},"author":2,"featured_media":564807,"comment_status":"","ping_status":"","sticky":false,"template":"","format":"standard","meta":{"footnotes":""},"categories":[8],"tags":[7635,58,59,1011,27,7638,2623,7637],"class_list":{"0":"post-564806","1":"post","2":"type-post","3":"status-publish","4":"format-standard","5":"has-post-thumbnail","7":"category-divertissement","8":"tag-attele","9":"tag-divertissement","10":"tag-entertainment","11":"tag-fr","12":"tag-france","13":"tag-pour-preparer-vos-paris","14":"tag-quinte","15":"tag-trot"},"share_on_mastodon":{"url":"https:\/\/pubeurope.com\/@fr\/115628220692936951","error":""},"_links":{"self":[{"href":"https:\/\/www.europesays.com\/fr\/wp-json\/wp\/v2\/posts\/564806","targetHints":{"allow":["GET"]}}],"collection":[{"href":"https:\/\/www.europesays.com\/fr\/wp-json\/wp\/v2\/posts"}],"about":[{"href":"https:\/\/www.europesays.com\/fr\/wp-json\/wp\/v2\/types\/post"}],"author":[{"embeddable":true,"href":"https:\/\/www.europesays.com\/fr\/wp-json\/wp\/v2\/users\/2"}],"replies":[{"embeddable":true,"href":"https:\/\/www.europesays.com\/fr\/wp-json\/wp\/v2\/comments?post=564806"}],"version-history":[{"count":0,"href":"https:\/\/www.europesays.com\/fr\/wp-json\/wp\/v2\/posts\/564806\/revisions"}],"wp:featuredmedia":[{"embeddable":true,"href":"https:\/\/www.europesays.com\/fr\/wp-json\/wp\/v2\/media\/564807"}],"wp:attachment":[{"href":"https:\/\/www.europesays.com\/fr\/wp-json\/wp\/v2\/media?parent=564806"}],"wp:term":[{"taxonomy":"category","embeddable":true,"href":"https:\/\/www.europesays.com\/fr\/wp-json\/wp\/v2\/categories?post=564806"},{"taxonomy":"post_tag","embeddable":true,"href":"https:\/\/www.europesays.com\/fr\/wp-json\/wp\/v2\/tags?post=564806"}],"curies":[{"name":"wp","href":"https:\/\/api.w.org\/{rel}","templated":true}]}}