{"id":564812,"date":"2025-11-28T16:18:12","date_gmt":"2025-11-28T16:18:12","guid":{"rendered":"https:\/\/www.europesays.com\/fr\/564812\/"},"modified":"2025-11-28T16:18:12","modified_gmt":"2025-11-28T16:18:12","slug":"volodymyr-zelensky-annonce-la-demission-de-son-chef-de-cabinet-et-bras-droit-andriy-yermak-sur-fond-daccusations-de-corruption","status":"publish","type":"post","link":"https:\/\/www.europesays.com\/fr\/564812\/","title":{"rendered":"Volodymyr Zelensky annonce la d\u00e9mission de son chef de cabinet et bras droit, Andriy Yermak, sur fond d\u2019accusations de corruption"},"content":{"rendered":"<p>   Le domicile d\u2019Andriy Yermak, chef de cabinet de Volodymyr Zelensky, perquisitionn\u00e9, annonce le Bureau national anticorruption ukrainien               <img decoding=\"async\" class=\"post__live-container--img post__space-node\"  src=\"https:\/\/www.europesays.com\/fr\/wp-content\/uploads\/2025\/11\/5c4fd18_ftp-import-images-1-ub47gxbmunie-5544929-01-06.jpg\" data- alt=\"Le chef de cabinet du pr\u00e9sident ukrainien, Andriy Yermak, et le pr\u00e9sident ukrainien, Volodymyr Zelensky, \u00e0 Madrid, le 18\u00a0novembre 2025.\"\/>   Le chef de cabinet du pr\u00e9sident ukrainien, Andriy Yermak, et le pr\u00e9sident ukrainien, Volodymyr Zelensky, \u00e0 Madrid, le 18\u00a0novembre 2025. OSCAR DEL POZO\/AFP               <\/p>\n<p class=\"post__live-container--answer-text post__space-node\">\u00ab\u00a0Le NABU [le Bureau national anticorruption d\u2019Ukraine] et le SAPO [le parquet sp\u00e9cialis\u00e9 anticorruption] m\u00e8nent actuellement des perquisitions chez le directeur de cabinet du pr\u00e9sident de l\u2019Ukraine. Ces op\u00e9rations ont \u00e9t\u00e9 autoris\u00e9es et s\u2019inscrivent dans le cadre d\u2019une enqu\u00eate\u00a0\u00bb, <a href=\"https:\/\/t.me\/nab_ukraine\/3542\" target=\"_blank\" rel=\"noopener\" title=\"Nouvelle fen\u00eatre\">a fait savoir le NABU,<\/a> annon\u00e7ant \u00ab\u00a0plus de d\u00e9tails \u00e0 venir\u00a0\u00bb.<\/p>\n<p class=\"post__live-container--answer-text post__space-node\">Andriy Yermak dit, quant \u00e0 lui, coop\u00e9rer pleinement avec les enqu\u00eateurs. \u00ab\u00a0Ils ont eu un acc\u00e8s complet \u00e0 l\u2019appartement, mes avocats sont pr\u00e9sents sur place et collaborent avec les forces de l\u2019ordre\u00a0\u00bb, \u00e9crit-il sur <a href=\"https:\/\/t.me\/ermaka2022\/7180\" target=\"_blank\" rel=\"noopener\" title=\"Nouvelle fen\u00eatre\">Telegram<\/a>.<\/p>\n<p class=\"post__live-container--answer-text post__space-node\">Selon plusieurs d\u00e9put\u00e9s de l\u2019opposition, cette perquisition a \u00e9t\u00e9 effectu\u00e9e dans le cadre de l\u2019enqu\u00eate sur l\u2019affaire de corruption dans le secteur de l\u2019\u00e9nergie qui a d\u00e9j\u00e0 conduit \u00e0 la destitution de deux ministres.<\/p>\n<p class=\"post__live-container--answer-text post__space-node\">Le scandale a \u00e9clat\u00e9 au d\u00e9but du mois, quand le NABU a d\u00e9voil\u00e9 l\u2019existence de malversations orchestr\u00e9es, selon lui, par un proche du pr\u00e9sident, Volodymyr Zelensky, qui ont permis de d\u00e9tourner 100\u00a0millions de dollars (environ 86\u00a0millions d\u2019euros).<\/p>\n<p class=\"post__live-container--answer-text post__space-node\">Ancien producteur de cin\u00e9ma et sp\u00e9cialiste de la propri\u00e9t\u00e9 intellectuelle, Andriy Iermak est consid\u00e9r\u00e9 comme le haut fonctionnaire le plus influent apr\u00e8s le chef de l\u2019Etat, ce qui suscite des interrogations jusqu\u2019au sein de l\u2019\u00e9quipe pr\u00e9sidentielle.<\/p>\n","protected":false},"excerpt":{"rendered":"Le domicile d\u2019Andriy Yermak, chef de cabinet de Volodymyr Zelensky, perquisitionn\u00e9, annonce le Bureau national anticorruption ukrainien Le&hellip;\n","protected":false},"author":2,"featured_media":564813,"comment_status":"","ping_status":"","sticky":false,"template":"","format":"standard","meta":{"footnotes":""},"categories":[5],"tags":[11,1011,27,14,12,28],"class_list":{"0":"post-564812","1":"post","2":"type-post","3":"status-publish","4":"format-standard","5":"has-post-thumbnail","7":"category-international","8":"tag-actualites","9":"tag-fr","10":"tag-france","11":"tag-international","12":"tag-news","13":"tag-world"},"share_on_mastodon":{"url":"https:\/\/pubeurope.com\/@fr\/115628233385347487","error":""},"_links":{"self":[{"href":"https:\/\/www.europesays.com\/fr\/wp-json\/wp\/v2\/posts\/564812","targetHints":{"allow":["GET"]}}],"collection":[{"href":"https:\/\/www.europesays.com\/fr\/wp-json\/wp\/v2\/posts"}],"about":[{"href":"https:\/\/www.europesays.com\/fr\/wp-json\/wp\/v2\/types\/post"}],"author":[{"embeddable":true,"href":"https:\/\/www.europesays.com\/fr\/wp-json\/wp\/v2\/users\/2"}],"replies":[{"embeddable":true,"href":"https:\/\/www.europesays.com\/fr\/wp-json\/wp\/v2\/comments?post=564812"}],"version-history":[{"count":0,"href":"https:\/\/www.europesays.com\/fr\/wp-json\/wp\/v2\/posts\/564812\/revisions"}],"wp:featuredmedia":[{"embeddable":true,"href":"https:\/\/www.europesays.com\/fr\/wp-json\/wp\/v2\/media\/564813"}],"wp:attachment":[{"href":"https:\/\/www.europesays.com\/fr\/wp-json\/wp\/v2\/media?parent=564812"}],"wp:term":[{"taxonomy":"category","embeddable":true,"href":"https:\/\/www.europesays.com\/fr\/wp-json\/wp\/v2\/categories?post=564812"},{"taxonomy":"post_tag","embeddable":true,"href":"https:\/\/www.europesays.com\/fr\/wp-json\/wp\/v2\/tags?post=564812"}],"curies":[{"name":"wp","href":"https:\/\/api.w.org\/{rel}","templated":true}]}}