{"id":564816,"date":"2025-11-28T16:20:20","date_gmt":"2025-11-28T16:20:20","guid":{"rendered":"https:\/\/www.europesays.com\/fr\/564816\/"},"modified":"2025-11-28T16:20:20","modified_gmt":"2025-11-28T16:20:20","slug":"emmanuel-macron-annonce-que-les-telephones-portables-seront-sans-doute-interdits-au-lycee-a-partir-de-la-rentree-prochaine-liberation","status":"publish","type":"post","link":"https:\/\/www.europesays.com\/fr\/564816\/","title":{"rendered":"Emmanuel Macron annonce que les t\u00e9l\u00e9phones portables seront \u00absans doute\u00bb interdits au lyc\u00e9e \u00e0 partir de la rentr\u00e9e prochaine \u2013 Lib\u00e9ration"},"content":{"rendered":"<p class=\"sc-cPiKLX AiZTS text-element\">Plus <a href=\"https:\/\/www.liberation.fr\/societe\/dependance-les-enfants-a-fond-decrans-20240315_ABCHZKVBQ5B5BBYCMQNOOSV36Q\/\" target=\"_blank\" rel=\"noopener\" title=\"https:\/\/www.liberation.fr\/societe\/dependance-les-enfants-a-fond-decrans-20240315_ABCHZKVBQ5B5BBYCMQNOOSV36Q\/\">d\u2019\u00e9cran de t\u00e9l\u00e9phone allum\u00e9<\/a> dans les lyc\u00e9es d\u00e8s septembre prochain : telle est la volont\u00e9 d\u2019Emmanuel Macron, pr\u00e9sent\u00e9e ce jeudi 28 novembre \u00e0 Mirecourt, dans les Vosges, devant les lecteurs du groupe de presse r\u00e9gional Ebra. Les portables pourraient donc \u00eatre interdits pour les lyc\u00e9ens d\u00e8s la rentr\u00e9e de 2026, a annonc\u00e9 le Pr\u00e9sident. \u00ab<a href=\"https:\/\/www.liberation.fr\/societe\/education\/au-moins-je-ne-risque-pas-de-me-le-faire-voler-dans-un-college-dardeche-linterdiction-des-portables-laisse-sceptique-20250906_AAK74VQO6NFFDGPTKDQXUX5RN4\/\" target=\"_blank\" rel=\"noopener\" title=\"https:\/\/www.liberation.fr\/societe\/education\/au-moins-je-ne-risque-pas-de-me-le-faire-voler-dans-un-college-dardeche-linterdiction-des-portables-laisse-sceptique-20250906_AAK74VQO6NFFDGPTKDQXUX5RN4\/\">On a sorti le portable du coll\u00e8ge<\/a>, maintenant dans tous les coll\u00e8ges \u00e0 la rentr\u00e9e derni\u00e8re, on va sans doute l\u2019\u00e9largir aux lyc\u00e9es \u00e0 la rentr\u00e9e prochaine avec le ministre. Il est en train de regarder \u00e7a\u00bb, a-t-il affirm\u00e9.<\/p>\n<p class=\"sc-cPiKLX AiZTS text-element\">Alors que le gouvernement a fait savoir la veille que la \u00ab<a href=\"https:\/\/www.liberation.fr\/idees-et-debats\/tribunes\/sante-mentale-des-actions-dans-la-duree-plus-que-des-symboles-ephemeres-20251017_WCA6JZ7OXVCXVITLKVFZKHLYWU\/\" target=\"_blank\" rel=\"noopener\" title=\"https:\/\/www.liberation.fr\/idees-et-debats\/tribunes\/sante-mentale-des-actions-dans-la-duree-plus-que-des-symboles-ephemeres-20251017_WCA6JZ7OXVCXVITLKVFZKHLYWU\/\">grande cause nationale\u00bb sur la sant\u00e9 mentale<\/a> serait prolong\u00e9e en 2026, le chef de l\u2019Etat entend lutter contre <a href=\"https:\/\/www.liberation.fr\/societe\/sante\/addictions-chez-les-jeunes-les-ecrans-ont-un-boulevard-devant-eux-20220614_WTOZHA3KZNCA5I63H7YSWILXEA\/\" target=\"_blank\" rel=\"noopener\" title=\"https:\/\/www.liberation.fr\/societe\/sante\/addictions-chez-les-jeunes-les-ecrans-ont-un-boulevard-devant-eux-20220614_WTOZHA3KZNCA5I63H7YSWILXEA\/\">les dangers de l\u2019addiction aux \u00e9crans<\/a>. Le t\u00e9l\u00e9phone est d\u00e9j\u00e0 interdit de la maternelle au coll\u00e8ge par une loi de 2018, mais elle <a href=\"https:\/\/www.liberation.fr\/societe\/education\/on-se-sent-depasses-donc-on-retropedale-a-lecole-leducation-numerique-se-mord-la-queue-20250906_E4AWXBIQEZDCDFOITIRFO7DQ4E\/\" target=\"_blank\" rel=\"noopener\" title=\"https:\/\/www.liberation.fr\/societe\/education\/on-se-sent-depasses-donc-on-retropedale-a-lecole-leducation-numerique-se-mord-la-queue-20250906_E4AWXBIQEZDCDFOITIRFO7DQ4E\/\">peine parfois \u00e0 \u00eatre respect\u00e9e<\/a>.<\/p>\n<p class=\"sc-cPiKLX AiZTS text-element\">Le <a href=\"https:\/\/www.liberation.fr\/societe\/education\/interdiction-du-telephone-portable-dans-les-colleges-est-ce-quil-y-en-a-que-ca-gene-20240903_WXZVSREYZ5DUVHSHHPXSAIWNDA\/\" target=\"_blank\" rel=\"noopener\" title=\"https:\/\/www.liberation.fr\/societe\/education\/interdiction-du-telephone-portable-dans-les-colleges-est-ce-quil-y-en-a-que-ca-gene-20240903_WXZVSREYZ5DUVHSHHPXSAIWNDA\/\">dispositif \u00abportable en pause\u00bb<\/a> vise \u00e0 renforcer son application en contraignant les \u00e9l\u00e8ves \u00e0 le laisser pendant les cours dans des casiers, mallettes ou pochettes si n\u00e9cessaire. Il a progressivement<a href=\"https:\/\/www.liberation.fr\/societe\/education\/elisabeth-borne-annonce-vouloir-generaliser-linterdiction-reelle-des-portables-dans-les-colleges-a-la-rentree-prochaine-20250411_GCIC2I23MNBUDPA3FZAUJC7X2Q\/\" target=\"_blank\" rel=\"noopener\" title=\"https:\/\/www.liberation.fr\/societe\/education\/elisabeth-borne-annonce-vouloir-generaliser-linterdiction-reelle-des-portables-dans-les-colleges-a-la-rentree-prochaine-20250411_GCIC2I23MNBUDPA3FZAUJC7X2Q\/\"> \u00e9t\u00e9 g\u00e9n\u00e9ralis\u00e9 cette ann\u00e9e<\/a> apr\u00e8s une exp\u00e9rimentation l\u2019an dernier dans une centaine de coll\u00e8ges.<\/p>\n<p class=\"sc-cPiKLX AiZTS text-element\">A partir de la rentr\u00e9e 2026, donc, le gouvernement veut \u00aballer au bout de cette d\u00e9marche\u00bb : le lyc\u00e9e, \u00abc\u2019est le lieu o\u00f9 vous apprenez, et c\u2019est le lieu o\u00f9 vous \u00e9changez\u00bb, a encore insist\u00e9 Emmanuel Macron. Reste \u00e0 savoir comment faire appliquer cette mesure.<\/p>\n<p class=\"sc-cPiKLX AiZTS text-element\">En pleine tourn\u00e9e des titres de la presse r\u00e9gionale, apr\u00e8s Toulouse et Arras, le chef de l\u2019Etat s\u2019est \u00e9galement exprim\u00e9 sur la r\u00e9gulation des r\u00e9seaux sociaux et leurs dangers. Il a dit vouloir instaurer la possibilit\u00e9 d\u2019une action judiciaire \u00aben r\u00e9f\u00e9r\u00e9\u00bb contre les \u00abfausses informations\u00bb ou les \u00abinformations qui sont attentatoires\u00bb \u00e0 la dignit\u00e9 d\u2019une personne diffus\u00e9es sur les r\u00e9seaux sociaux pour pouvoir les bloquer en urgence.<\/p>\n<p class=\"sc-cPiKLX AiZTS text-element\"><b>Mise \u00e0 jour<\/b> \u00e0 13 h 54<b> <\/b>avec davantage de d\u00e9tails.<\/p>\n","protected":false},"excerpt":{"rendered":"Plus d\u2019\u00e9cran de t\u00e9l\u00e9phone allum\u00e9 dans les lyc\u00e9es d\u00e8s septembre prochain : telle est la volont\u00e9 d\u2019Emmanuel Macron,&hellip;\n","protected":false},"author":2,"featured_media":564817,"comment_status":"","ping_status":"","sticky":false,"template":"","format":"standard","meta":{"footnotes":""},"categories":[2],"tags":[11,1073,1011,27,28275,12],"class_list":{"0":"post-564816","1":"post","2":"type-post","3":"status-publish","4":"format-standard","5":"has-post-thumbnail","7":"category-actualites","8":"tag-actualites","9":"tag-emmanuel-macron","10":"tag-fr","11":"tag-france","12":"tag-ministere-de-l-education-nationale","13":"tag-news"},"share_on_mastodon":{"url":"https:\/\/pubeurope.com\/@fr\/115628240004179842","error":""},"_links":{"self":[{"href":"https:\/\/www.europesays.com\/fr\/wp-json\/wp\/v2\/posts\/564816","targetHints":{"allow":["GET"]}}],"collection":[{"href":"https:\/\/www.europesays.com\/fr\/wp-json\/wp\/v2\/posts"}],"about":[{"href":"https:\/\/www.europesays.com\/fr\/wp-json\/wp\/v2\/types\/post"}],"author":[{"embeddable":true,"href":"https:\/\/www.europesays.com\/fr\/wp-json\/wp\/v2\/users\/2"}],"replies":[{"embeddable":true,"href":"https:\/\/www.europesays.com\/fr\/wp-json\/wp\/v2\/comments?post=564816"}],"version-history":[{"count":0,"href":"https:\/\/www.europesays.com\/fr\/wp-json\/wp\/v2\/posts\/564816\/revisions"}],"wp:featuredmedia":[{"embeddable":true,"href":"https:\/\/www.europesays.com\/fr\/wp-json\/wp\/v2\/media\/564817"}],"wp:attachment":[{"href":"https:\/\/www.europesays.com\/fr\/wp-json\/wp\/v2\/media?parent=564816"}],"wp:term":[{"taxonomy":"category","embeddable":true,"href":"https:\/\/www.europesays.com\/fr\/wp-json\/wp\/v2\/categories?post=564816"},{"taxonomy":"post_tag","embeddable":true,"href":"https:\/\/www.europesays.com\/fr\/wp-json\/wp\/v2\/tags?post=564816"}],"curies":[{"name":"wp","href":"https:\/\/api.w.org\/{rel}","templated":true}]}}