{"id":564818,"date":"2025-11-28T16:21:13","date_gmt":"2025-11-28T16:21:13","guid":{"rendered":"https:\/\/www.europesays.com\/fr\/564818\/"},"modified":"2025-11-28T16:21:13","modified_gmt":"2025-11-28T16:21:13","slug":"il-est-controle-a-112-km-h-au-lieu-de-50","status":"publish","type":"post","link":"https:\/\/www.europesays.com\/fr\/564818\/","title":{"rendered":"il est contr\u00f4l\u00e9 \u00e0 112 km\/h&#8230; au lieu de 50"},"content":{"rendered":"\n<p>Il \u00e9tait certainement press\u00e9, trop press\u00e9 sans doute. Ce jeudi, lors d\u2019une op\u00e9ration de contr\u00f4le routier, la brigade motocycliste de la police de Saint-\u00c9tienne est tomb\u00e9e sur un chauffard pr\u00e8s du coll\u00e8ge Marc Seguin. Cet homme de 38 ans, au volant d\u2019une Audi, a \u00e9t\u00e9 flash\u00e9 \u00e0 112 km\/h (ndlr, vitesse retenue : 106) au lieu de 50 km\/h dans ce secteur.<\/p>\n<p>L&rsquo;automobiliste a perdu son permis de conduire et son v\u00e9hicule a \u00e9t\u00e9 immobilis\u00e9 et plac\u00e9 en fourri\u00e8re.<\/p>\n","protected":false},"excerpt":{"rendered":"Il \u00e9tait certainement press\u00e9, trop press\u00e9 sans doute. Ce jeudi, lors d\u2019une op\u00e9ration de contr\u00f4le routier, la brigade&hellip;\n","protected":false},"author":2,"featured_media":564819,"comment_status":"","ping_status":"","sticky":false,"template":"","format":"standard","meta":{"footnotes":""},"categories":[9653],"tags":[1111,11,2430,1777,674,19233,1011,27,12,9121,1072,25,4001,6956,4752],"class_list":{"0":"post-564818","1":"post","2":"type-post","3":"status-publish","4":"format-standard","5":"has-post-thumbnail","7":"category-saint-etienne","8":"tag-actu","9":"tag-actualites","10":"tag-auvergne-rhone-alpes","11":"tag-eu","12":"tag-europe","13":"tag-fourriere","14":"tag-fr","15":"tag-france","16":"tag-news","17":"tag-permis","18":"tag-police","19":"tag-republique-francaise","20":"tag-saint-etienne","21":"tag-vitesse","22":"tag-voiture"},"share_on_mastodon":{"url":"https:\/\/pubeurope.com\/@fr\/115628243981790987","error":""},"_links":{"self":[{"href":"https:\/\/www.europesays.com\/fr\/wp-json\/wp\/v2\/posts\/564818","targetHints":{"allow":["GET"]}}],"collection":[{"href":"https:\/\/www.europesays.com\/fr\/wp-json\/wp\/v2\/posts"}],"about":[{"href":"https:\/\/www.europesays.com\/fr\/wp-json\/wp\/v2\/types\/post"}],"author":[{"embeddable":true,"href":"https:\/\/www.europesays.com\/fr\/wp-json\/wp\/v2\/users\/2"}],"replies":[{"embeddable":true,"href":"https:\/\/www.europesays.com\/fr\/wp-json\/wp\/v2\/comments?post=564818"}],"version-history":[{"count":0,"href":"https:\/\/www.europesays.com\/fr\/wp-json\/wp\/v2\/posts\/564818\/revisions"}],"wp:featuredmedia":[{"embeddable":true,"href":"https:\/\/www.europesays.com\/fr\/wp-json\/wp\/v2\/media\/564819"}],"wp:attachment":[{"href":"https:\/\/www.europesays.com\/fr\/wp-json\/wp\/v2\/media?parent=564818"}],"wp:term":[{"taxonomy":"category","embeddable":true,"href":"https:\/\/www.europesays.com\/fr\/wp-json\/wp\/v2\/categories?post=564818"},{"taxonomy":"post_tag","embeddable":true,"href":"https:\/\/www.europesays.com\/fr\/wp-json\/wp\/v2\/tags?post=564818"}],"curies":[{"name":"wp","href":"https:\/\/api.w.org\/{rel}","templated":true}]}}