{"id":564824,"date":"2025-11-28T16:25:38","date_gmt":"2025-11-28T16:25:38","guid":{"rendered":"https:\/\/www.europesays.com\/fr\/564824\/"},"modified":"2025-11-28T16:25:38","modified_gmt":"2025-11-28T16:25:38","slug":"les-enfants-doivent-apprendre-a-repondre-a-lagressivite-avertit-le-dr-philippe-aim","status":"publish","type":"post","link":"https:\/\/www.europesays.com\/fr\/564824\/","title":{"rendered":"\u00ab Les\u00a0enfants doivent apprendre \u00e0 r\u00e9pondre \u00e0 l&rsquo;agressivit\u00e9 \u00bb, avertit le Dr Philippe A\u00efm"},"content":{"rendered":"<p class=\"question\"><strong>Quels enseignements tirez-vous de vos recherches\u00a0?<\/strong><\/p>\n<p>A chaque fois que des individus communiquent, de l\u2019agressivit\u00e9 finit par appara\u00eetre. C\u2019est inh\u00e9rent aux relations humaines. Les r\u00e9seaux sociaux n\u2019y \u00e9chappent pas &#8211; et pas seulement pour les jeunes. Sur X (ex-Twitter), la violence verbale est omnipr\u00e9sente, souvent nourrie par l\u2019anonymat.<\/p>\n<p class=\"question\"><strong>Quel regard portez-vous sur cette violence en ligne\u00a0?<\/strong><\/p>\n<p>L\u2019intervention ext\u00e9rieure est encore moins efficace sur Internet. Les plateformes r\u00e9agissent tr\u00e8s lentement. Pour faire retirer un contenu vraiment dangereux \u2013 raciste, p\u00e9dopornographique \u2013 il faut souvent des dizaines de signalements. Alors imaginez le niveau de priorit\u00e9 accord\u00e9 s\u2019il y a quinze gamins qui vont insulter quelqu\u2019un avec des mots qu\u2019ils vont consid\u00e9rer comme \u00ab\u00a0enfantins.\u00a0\u00bb<\/p>\n<p>Il faut \u00e9videmment signaler les contenus ill\u00e9gaux, mais compter uniquement sur les plateformes ou les adultes pour r\u00e9gler la situation est irr\u00e9aliste.<\/p>\n<p class=\"question\"><strong>Les enfants sont-ils pr\u00e9par\u00e9s \u00e0 cette agressivit\u00e9 en ligne ou \u00e0 l\u2019\u00e9cole\u00a0?<\/strong><\/p>\n<p>Non, souvent pas. On leur dit qu\u2019un groupe WhatsApp sert \u00e0 s\u2019entraider, mais rarement qu\u2019un groupe g\u00e9n\u00e8re presque toujours des tensions. Quand elles deviennent r\u00e9p\u00e9titives, on parle de harc\u00e8lement.<\/p>\n<p>  \u00ab\u00a0Le probl\u00e8me du cyberharc\u00e8lement, ce n\u2019est pas internet, c\u2019est le harc\u00e8lement \u00bb<\/p>\n<p class=\"question\"><strong>WhatsApp est-il devenu un terrain privil\u00e9gi\u00e9 pour les harceleurs\u00a0?<\/strong><\/p>\n<p>Oui, car c\u2019est un des principaux outils de communication des adolescents. Mais il faut rappeler une chose essentielle\u00a0: le cyberharc\u00e8lement n\u2019a pas \u00e9t\u00e9 cr\u00e9\u00e9 par Internet. La plupart des jeunes cyberharcel\u00e9s le sont aussi dans la vraie vie. Si l\u2019on supprimait les r\u00e9seaux demain, le harc\u00e8lement continuerait. Le probl\u00e8me du cyberharc\u00e8lement, ce n\u2019est pas internet, c\u2019est le harc\u00e8lement.<\/p>\n<p class=\"question\"><strong>Pourquoi votre approche diff\u00e8re-t-elle des m\u00e9thodes classiques\u00a0?<\/strong><\/p>\n<p>Parce qu\u2019elles fonctionnent mal. On part du principe qu\u2019un adulte va intervenir et r\u00e9gler la situation. Mais d\u00e8s qu\u2019il n\u2019est plus l\u00e0, la victime se retrouve seule. Et l\u2019agresseur puni peut vouloir se venger, aggravant encore les choses.<\/p>\n<p>Pourtant, l\u2019agressivit\u00e9 peut \u00eatre apais\u00e9e par les mots. C\u2019est ce que je fais au quotidien. J\u2019ai donc mis au point des techniques simples, bas\u00e9es sur le jeu &#8211; notamment \u00ab\u00a0le jeu de l\u2019idiot \u00bb &#8211; pour aider les enfants \u00e0 calmer un conflit et \u00e0 faire cesser une attaque.<\/p>\n<p>Ce contenu est bloqu\u00e9 car vous n&rsquo;avez pas accept\u00e9 les cookies et autres traceurs.<\/p>\n<p>En cliquant sur \u00ab J\u2019accepte \u00bb, les cookies et autres traceurs seront d\u00e9pos\u00e9s et vous pourrez visualiser les contenus  (<a href=\"\" class=\"consentModule_policy\" target=\"_blank\" title=\"Consulter la politique de protection des donn\u00e9es du fournisseur\">plus d&rsquo;informations<\/a>).<\/p>\n<p>En cliquant sur \u00ab J\u2019accepte tous les cookies \u00bb, vous autorisez des d\u00e9p\u00f4ts de cookies et autres traceurs pour le stockage de vos donn\u00e9es sur nos sites et applications \u00e0 des fins de personnalisation et de ciblage publicitaire.<\/p>\n<p class=\"consentModule_secondaryText\">Vous gardez la possibilit\u00e9 de retirer votre consentement \u00e0 tout moment en consultant notre <a href=\"https:\/\/www.estrepublicain.fr\/protection-des-donnees\" target=\"_blank\" title=\"Consulter notre politique de protection des donn\u00e9es\" rel=\"noopener\">politique de protection des donn\u00e9es<\/a>. <br \/>&#13;<br \/>\n            <a href=\"https:\/\/www.estrepublicain.fr\/politique\/2025\/11\/27\/javascript:Didomi.notice.show()\" class=\"consentModule_cmp\" target=\"_blank\" rel=\"noopener\">G\u00e9rer mes choix<\/a>&#13;\n        <\/p>\n<p>&#13;<br \/>\n                        J&rsquo;accepte&#13;<br \/>\n            J&rsquo;accepte tous les cookies&#13;\n        <\/p>\n<p>\t<img class=\"placeholder-svg\" loading=\"lazy\" decoding=\"async\" src=\"https:\/\/cdn-files.prsmedia.fr\/files\/REDAC\/images\/svg\/placeholders\/twitter-X.svg\" alt=\"Twitter PlaceHolder\"\/><\/p>\n<p class=\"question\"><strong>En quoi consiste \u00ab\u00a0le jeu de l&rsquo;idiot\u00a0\u00bb et o\u00f9 peut-on suivre cet enseignement ?<\/strong><\/p>\n<p>La m\u00e9thode est disponible sur\u00a0<a href=\"https:\/\/lejeudelidiot.com\/\" target=\"_blank\" rel=\"noopener\">lejeudelidiot.com,<\/a>\u00a0un site ouvert aux professionnels comme au grand public. On y trouve des formations concr\u00e8tes pour apprendre aux enfants \u00e0 r\u00e9pondre \u00e0 l\u2019agressivit\u00e9 verbale et \u00e0 d\u00e9samorcer les situations. Mon livre Face au harc\u00e8lement scolaire d\u00e9taille \u00e9galement ces approches.<\/p>\n<p>Cette m\u00e9thode ne s\u2019oppose pas aux dispositifs existants, elle les compl\u00e8te. Plus t\u00f4t les enfants apprendront \u00e0 y faire face, moins le harc\u00e8lement progressera.<\/p>\n<p>Sur cette formation, le harc\u00e8lement\u00a0peut \u00eatre vu comme un \u00ab\u00a0jeu relationnel\u00a0\u00bb dans lequel l&rsquo;enfant perd tant qu&rsquo;il ne conna\u00eet pas les r\u00e8gles. Le \u00ab\u00a0jeu de l&rsquo;idiot\u00a0\u00bb permet justement de les comprendre et de reprendre l&rsquo;avantage en d\u00e9courageant l&rsquo;agresseur.\u00a0<\/p>\n<p class=\"question\"><strong>Et que pensez-vous des autres m\u00e9thodologies actuelles\u00a0?<\/strong><\/p>\n<p>Elles reposent sur une illusion\u00a0: faire croire aux enfants qu\u2019on cr\u00e9era une soci\u00e9t\u00e9 o\u00f9 personne ne les emb\u00eatera. Aucun adulte ne peut affirmer qu\u2019il n\u2019a jamais \u00e9t\u00e9 insult\u00e9. Plut\u00f4t que de promettre l\u2019impossible, il faut leur apprendre \u00e0 faire face.<\/p>\n<p>  <strong>\u00ab\u00a0Calmer une interaction toxique, ou s\u2019en \u00e9loigner.\u00a0C\u2019est le c\u0153ur de ma d\u00e9marche\u00a0\u00bb<\/strong><\/p>\n<p class=\"question\"><strong>Le mot \u00ab\u00a0cyberharc\u00e8lement\u00a0\u00bb pr\u00eate-il \u00e0 confusion ?<\/strong><\/p>\n<p>Oui, car il englobe des situations tr\u00e8s diff\u00e9rentes\u00a0: une moquerie du type \u00ab\u00a0t\u00eate de pizza\u00a0\u00bb et des menaces de mort avec divulgation d\u2019une adresse personnelle.<\/p>\n<p>Tout le monde sera confront\u00e9 un jour \u00e0 ces moqueries ou insultes. Les enfants peuvent y faire face si on leur donne les moyens\u00a0: calmer une interaction toxique, ou s\u2019en \u00e9loigner. C\u2019est le c\u0153ur de ma d\u00e9marche.<\/p>\n<p class=\"question\"><strong>Comment intervenez-vous concr\u00e8tement aupr\u00e8s des enfants\u00a0?<\/strong><\/p>\n<p>Il y a deux contextes\u00a0: premi\u00e8rement, la th\u00e9rapie.<\/p>\n<p>Un enfant vient me voir \u2013 ou ma coll\u00e8gue <a href=\"https:\/\/www.vosgesmatin.fr\/culture-loisirs\/2025\/09\/23\/claire-beuve-une-orthophoniste-d-epinal-touchee-par-les-fees-de-l-ecriture-et-auteure-de-livres-jeunesse\" target=\"_blank\" rel=\"noopener\">Claire Beuve<\/a> \u2013 parce qu\u2019il est harcel\u00e9. Il demande\u00a0: \u00ab\u00a0On m\u2019emb\u00eate \u00e0 l\u2019\u00e9cole, que dois-je faire pour que \u00e7a s\u2019arr\u00eate\u00a0?\u00a0\u00bb. Une s\u00e9ance peut suffire, parfois plusieurs selon la dur\u00e9e et l\u2019intensit\u00e9 du harc\u00e8lement. Un enfant insult\u00e9 depuis deux semaines n\u2019a pas le m\u00eame parcours qu\u2019un enfant ostracis\u00e9 depuis trois ans.<\/p>\n<p>Deuxi\u00e8mement, la pr\u00e9vention. Former les adultes dans les \u00e9coles pour que les enfants sachent d\u00e9j\u00e0 comment r\u00e9agir avant que la situation ne d\u00e9g\u00e9n\u00e8re. Certaines \u00e9coles o\u00f9 je suis intervenu ont mis en place ces ateliers et les retours sont tr\u00e8s positifs.<\/p>\n<p>  \u00ab\u00a0Les directives nationales restent trop centr\u00e9es sur la punition\u00a0\u00bb<\/p>\n<p class=\"question\"><strong>Les enseignants ont-ils le moyen d\u2019appliquer cette approche\u00a0?<\/strong><\/p>\n<p>Ils font d\u00e9j\u00e0 \u00e9norm\u00e9ment, mais les directives nationales restent trop centr\u00e9es sur la punition &#8211; et ils savent que cela fonctionne mal. Je ne dis pas qu\u2019il faut supprimer toute sanction, mais il faut aussi redonner de la place \u00e0 la mission \u00e9ducative\u00a0: transmettre des comp\u00e9tences relationnelles, sociales et psychologiques. Nous pouvons tous apprendre \u00e0 apaiser une agressivit\u00e9. Et nous devrions tous l\u2019apprendre.<\/p>\n<p class=\"question\"><strong>Quel bilan tirez-vous de vos formations\u00a0?<\/strong><\/p>\n<p>J\u2019ai form\u00e9 plus de 700 professionnels\u00a0: m\u00e9decins, psychologues, \u00e9ducateurs, et plusieurs centaines d\u2019enfants ont \u00e9t\u00e9 aid\u00e9s gr\u00e2ce \u00e0 cette approche. Les formations ont lieu partout en France. Le message est simple\u00a0: la punition seule ne r\u00e9soudra pas le probl\u00e8me. Internet fait partie de la vie des jeunes. L\u2019enjeu est de leur apprendre \u00e0 y \u00e9voluer sereinement.\u00a0<\/p>\n<p class=\"insetTitle\">30 18 : un num\u00e9ro unique et gratuit contre le harc\u00e8lement<\/p>\n<p>Le <strong>30 18<\/strong> est le num\u00e9ro national contre toutes les formes de harc\u00e8lement, y compris cyberharc\u00e8lement, concernant les jeunes, enfants et adolescents.<\/p>\n<p>Gratuit, anonyme et confidentiel, il est ouvert aux \u00e9l\u00e8ves, parents et professionnels 7 jours sur 7, de 9 heures \u00e0 23 heures pour tout renseignement ou signalement. Une application est aussi disponible.<\/p>\n","protected":false},"excerpt":{"rendered":"Quels enseignements tirez-vous de vos recherches\u00a0? A chaque fois que des individus communiquent, de l\u2019agressivit\u00e9 finit par appara\u00eetre.&hellip;\n","protected":false},"author":2,"featured_media":564825,"comment_status":"","ping_status":"","sticky":false,"template":"","format":"standard","meta":{"footnotes":""},"categories":[9635],"tags":[1111,11,68004,1704,1057,1777,674,107,1011,27,775,3457,1702,1703,12,316,3456,25,767],"class_list":{"0":"post-564824","1":"post","2":"type-post","3":"status-publish","4":"format-standard","5":"has-post-thumbnail","7":"category-nancy","8":"tag-actu","9":"tag-actualites","10":"tag-debat-ebra-avec-emmanuel-macron","11":"tag-edition-nancy-et-agglomeration","12":"tag-education","13":"tag-eu","14":"tag-europe","15":"tag-fil-info","16":"tag-fr","17":"tag-france","18":"tag-grand-est","19":"tag-meurthe-et-moselle","20":"tag-nancy","21":"tag-nancy-ville-54b","22":"tag-news","23":"tag-politique","24":"tag-region-lorraine","25":"tag-republique-francaise","26":"tag-science-et-technologie"},"share_on_mastodon":{"url":"https:\/\/pubeurope.com\/@fr\/115628260475364844","error":""},"_links":{"self":[{"href":"https:\/\/www.europesays.com\/fr\/wp-json\/wp\/v2\/posts\/564824","targetHints":{"allow":["GET"]}}],"collection":[{"href":"https:\/\/www.europesays.com\/fr\/wp-json\/wp\/v2\/posts"}],"about":[{"href":"https:\/\/www.europesays.com\/fr\/wp-json\/wp\/v2\/types\/post"}],"author":[{"embeddable":true,"href":"https:\/\/www.europesays.com\/fr\/wp-json\/wp\/v2\/users\/2"}],"replies":[{"embeddable":true,"href":"https:\/\/www.europesays.com\/fr\/wp-json\/wp\/v2\/comments?post=564824"}],"version-history":[{"count":0,"href":"https:\/\/www.europesays.com\/fr\/wp-json\/wp\/v2\/posts\/564824\/revisions"}],"wp:featuredmedia":[{"embeddable":true,"href":"https:\/\/www.europesays.com\/fr\/wp-json\/wp\/v2\/media\/564825"}],"wp:attachment":[{"href":"https:\/\/www.europesays.com\/fr\/wp-json\/wp\/v2\/media?parent=564824"}],"wp:term":[{"taxonomy":"category","embeddable":true,"href":"https:\/\/www.europesays.com\/fr\/wp-json\/wp\/v2\/categories?post=564824"},{"taxonomy":"post_tag","embeddable":true,"href":"https:\/\/www.europesays.com\/fr\/wp-json\/wp\/v2\/tags?post=564824"}],"curies":[{"name":"wp","href":"https:\/\/api.w.org\/{rel}","templated":true}]}}