{"id":564841,"date":"2025-11-28T16:34:13","date_gmt":"2025-11-28T16:34:13","guid":{"rendered":"https:\/\/www.europesays.com\/fr\/564841\/"},"modified":"2025-11-28T16:34:13","modified_gmt":"2025-11-28T16:34:13","slug":"percute-par-une-moto-volee-un-policier-blesse-a-rennes","status":"publish","type":"post","link":"https:\/\/www.europesays.com\/fr\/564841\/","title":{"rendered":"Percut\u00e9 par une moto vol\u00e9e, un policier bless\u00e9 \u00e0 Rennes"},"content":{"rendered":"<p>Il \u00e9tait 2 h 45 du matin, ce vendredi 28 novembre, quand la BAC de nuit a interpell\u00e9 deux individus apr\u00e8s un refus d\u2019obtemp\u00e9rer place d\u2019Italie, <a href=\"https:\/\/www.letelegramme.fr\/ille-et-vilaine\/rennes-35000\/avant-il-y-avait-une-vraie-vie-de-quartier-au-blosne-a-rennes-le-lien-social-serode-6401228.php\" target=\"_blank\" rel=\"noopener\">dans le quartier du Blosne \u00e0 Rennes<\/a>. Selon le syndicat de police Alliance 35,<a href=\"https:\/\/www.letelegramme.fr\/ille-et-vilaine\/rennes-35000\/ils-interviennent-pour-une-altercation-deux-policiers-blesses-a-rennes-6910249.php\" target=\"_blank\" rel=\"noopener\"> un policier a \u00e9t\u00e9 percut\u00e9<\/a> par un individu \u00e0 bord d\u2019une moto vol\u00e9e. Toujours selon le syndicat, les deux personnes misent en cause \u00ab \u00e9taient interdits judiciairement d\u2019\u00eatre ensemble, et le conducteur \u00e9tait positif aux stup\u00e9fiants \u00bb.<\/p>\n<blockquote class=\"twitter-tweet\">\n<p lang=\"fr\" dir=\"ltr\">\\ud83d\\udea8RENNES\\ud83d\\udea8<a href=\"https:\/\/twitter.com\/AlliancePN35?ref_src=twsrc%5Etfw\" target=\"_blank\" rel=\"noopener\">@AlliancePN35<\/a> d\u00e9nonce ces agresseurs de policiers et souhaite un prompt r\u00e9tablissement \u00e0 nos coll\u00e8gues bless\u00e9s<br \/>Peines minimales pour les agresseurs de policiers : case prison. <a href=\"https:\/\/t.co\/Mx8JlG6kzC\">pic.twitter.com\/Mx8JlG6kzC<\/a><\/p>\n<p>\u2014 Alliance PN ille et vilaine 35 (@AlliancePN35) <a href=\"https:\/\/twitter.com\/AlliancePN35\/status\/1994368526472380834?ref_src=twsrc%5Etfw\" target=\"_blank\" rel=\"noopener\">November 28, 2025<\/a><\/p><\/blockquote>\n<p>L\u2019intervention a provoqu\u00e9 un regroupement \u00ab hostile et v\u00e9h\u00e9ment \u00bb autour des forces de l\u2019ordre qui ont eu besoin de renfort pour figer l\u2019intervention. Durant celle-ci, un autre policier a chut\u00e9 et s\u2019est bless\u00e9. Les deux repr\u00e9sentants des forces de l\u2019ordre sont bless\u00e9s l\u00e9g\u00e8rement au dos, au coccyx et \u00e0 la main.<\/p>\n<p><script async src=\"https:\/\/platform.twitter.com\/widgets.js\" charset=\"utf-8\"><\/script><\/p>\n","protected":false},"excerpt":{"rendered":"Il \u00e9tait 2 h 45 du matin, ce vendredi 28 novembre, quand la BAC de nuit a interpell\u00e9&hellip;\n","protected":false},"author":2,"featured_media":564842,"comment_status":"","ping_status":"","sticky":false,"template":"","format":"standard","meta":{"footnotes":""},"categories":[2821],"tags":[1111,11,829,1777,674,3383,1011,27,848,12,584,25],"class_list":{"0":"post-564841","1":"post","2":"type-post","3":"status-publish","4":"format-standard","5":"has-post-thumbnail","7":"category-rennes","8":"tag-actu","9":"tag-actualites","10":"tag-bretagne","11":"tag-eu","12":"tag-europe","13":"tag-faits-divers-a-rennes","14":"tag-fr","15":"tag-france","16":"tag-ille-et-vilaine","17":"tag-news","18":"tag-rennes","19":"tag-republique-francaise"},"share_on_mastodon":{"url":"https:\/\/pubeurope.com\/@fr\/115628295208640810","error":""},"_links":{"self":[{"href":"https:\/\/www.europesays.com\/fr\/wp-json\/wp\/v2\/posts\/564841","targetHints":{"allow":["GET"]}}],"collection":[{"href":"https:\/\/www.europesays.com\/fr\/wp-json\/wp\/v2\/posts"}],"about":[{"href":"https:\/\/www.europesays.com\/fr\/wp-json\/wp\/v2\/types\/post"}],"author":[{"embeddable":true,"href":"https:\/\/www.europesays.com\/fr\/wp-json\/wp\/v2\/users\/2"}],"replies":[{"embeddable":true,"href":"https:\/\/www.europesays.com\/fr\/wp-json\/wp\/v2\/comments?post=564841"}],"version-history":[{"count":0,"href":"https:\/\/www.europesays.com\/fr\/wp-json\/wp\/v2\/posts\/564841\/revisions"}],"wp:featuredmedia":[{"embeddable":true,"href":"https:\/\/www.europesays.com\/fr\/wp-json\/wp\/v2\/media\/564842"}],"wp:attachment":[{"href":"https:\/\/www.europesays.com\/fr\/wp-json\/wp\/v2\/media?parent=564841"}],"wp:term":[{"taxonomy":"category","embeddable":true,"href":"https:\/\/www.europesays.com\/fr\/wp-json\/wp\/v2\/categories?post=564841"},{"taxonomy":"post_tag","embeddable":true,"href":"https:\/\/www.europesays.com\/fr\/wp-json\/wp\/v2\/tags?post=564841"}],"curies":[{"name":"wp","href":"https:\/\/api.w.org\/{rel}","templated":true}]}}