{"id":564843,"date":"2025-11-28T16:35:25","date_gmt":"2025-11-28T16:35:25","guid":{"rendered":"https:\/\/www.europesays.com\/fr\/564843\/"},"modified":"2025-11-28T16:35:25","modified_gmt":"2025-11-28T16:35:25","slug":"une-bretelle-de-sortie-condamnee","status":"publish","type":"post","link":"https:\/\/www.europesays.com\/fr\/564843\/","title":{"rendered":"une bretelle de sortie condamn\u00e9e"},"content":{"rendered":"<p>                    Par<br \/>\n        <strong><br \/>\n            <a href=\"https:\/\/actu.fr\/auteur\/laurene-fertin\" title=\"Consulter tous les articles de Laur\u00e8ne Fertin\" target=\"_blank\" rel=\"noopener\">Laur\u00e8ne Fertin<\/a><br \/>\n                    <\/strong><\/p>\n<p>        Publi\u00e9 le<\/p>\n<p>            28 nov. 2025 \u00e0 16h32        <\/p>\n<p>Ce vendredi 28\u00a0novembre 2025, en raison <strong>d\u2019un accident<\/strong> incluant <strong>un poids lourd<\/strong> \u00e0 hauteur de la bretelle de sortie de la RN1012, vers la RN136 (rocade ouest, sens ext\u00e9rieur) de Rennes, <strong>des \u00e9quipes d\u2019intervention et de s\u00e9curit\u00e9<\/strong> sont en place pour assurer un balisage et la protection du site, indique Bison Fut\u00e9.<\/p>\n<p class=\" wall-content\">Cette m\u00eame bretelle de sortie (au niveau de la porte de Brest) est ainsi <strong>interdite<\/strong> \u00e0 la circulation. Le camion, seul impliqu\u00e9 dans l\u2019accident, <strong>s\u2019est \u00ab\u00a0mis en portefeuille\u00a0\u00bb<\/strong>, indique la Dir Ouest, \u00e0 la r\u00e9daction d<a href=\"https:\/\/actu.fr\/rennes\/\" target=\"_blank\" rel=\"noopener\">\u2018actu Rennes<\/a>. En d\u2019autres termes, le nez du camion se trouve oppos\u00e9 \u00e0 la remorque. Il forme en quelque sorte un \u00ab\u00a0V\u00a0\u00bb, et bloque, par cons\u00e9quent, les voies de circulation.<\/p>\n<p class=\" wall-content\">Il a par ailleurs <strong>endommag\u00e9 des glissi\u00e8res de s\u00e9curit\u00e9,<\/strong> ce qui n\u00e9cessite une intervention d\u2019urgence pour les r\u00e9parer, poursuit\u00a0la Dir Ouest.<\/p>\n<p>    <img   decoding=\"async\" loading=\"lazy\" src=\"https:\/\/www.europesays.com\/fr\/wp-content\/uploads\/2025\/11\/capture-decran-2025-11-28-161706-960x640.jpg\" alt=\"Capture d\u2019\u00e9cran \" width=\"960\" height=\"640\"\/><br \/>\n    La portion ne rouvrira pas avant 20h. (Capture d\u2019\u00e9cran \u00a9viamichelin.fr)Un itin\u00e9raire mis en place<\/p>\n<p class=\" wall-content\"><strong>Un itin\u00e9raire de d\u00e9viation obligatoire<\/strong> est alors mis en place\u2009:<\/p>\n<p class=\" wall-content\">\u2013 poursuivre sur la RN1012 jusqu\u2019au giratoire d\u2019Anjou\u2009;<br \/>\u2013 effectuer un demi-tour au giratoire et reprendre la RN1012\u2009;<br \/>\u2013 prendre la sortie Rocade Ouest en direction d\u2019Angers\/Nantes.<\/p>\n<p>Votre r\u00e9gion, votre actu !<\/p>\n<p>Recevez chaque jour les infos qui comptent pour vous.<\/p>\n<p>\t<a href=\"https:\/\/actu.fr\/newsletter\" class=\"ac-btn ac-btn--corner ac-btn--medium ac-btn--blue800\" target=\"_blank\" rel=\"noopener\">S&rsquo;incrire<\/a><\/p>\n<p class=\" wall-content\">Pour le moment, la bretelle de sortie reste ferm\u00e9e <strong>au moins jusqu\u2019\u00e0 20h<\/strong> \u2013 cet horaire pouvant changer, selon le temps que prennent les op\u00e9rations sur place.<\/p>\n<p class=\" wall-content\">Personnalisez votre actualit\u00e9 en ajoutant vos villes et m\u00e9dias en favori avec <a href=\"https:\/\/moncompte.actu.fr\" title=\"D\u00e9couvez Mon Actu\" rel=\"nofollow noopener\" data-trk=\"{&quot;cta&quot;:{&quot;action&quot;:&quot;https:\\\/\\\/moncompte.actu.fr&quot;,&quot;category&quot;:&quot;mon compte&quot;,&quot;from&quot;:&quot;article footer&quot;,&quot;name&quot;:&quot;Mon actu&quot;,&quot;type&quot;:&quot;cta&quot;}}\" target=\"_blank\">Mon Actu<\/a>.<\/p>\n","protected":false},"excerpt":{"rendered":"Par Laur\u00e8ne Fertin Publi\u00e9 le 28 nov. 2025 \u00e0 16h32 Ce vendredi 28\u00a0novembre 2025, en raison d\u2019un accident&hellip;\n","protected":false},"author":2,"featured_media":564844,"comment_status":"","ping_status":"","sticky":false,"template":"","format":"standard","meta":{"footnotes":""},"categories":[2821],"tags":[1111,11,829,3542,1777,674,118,1011,27,12,584,25,4797],"class_list":{"0":"post-564843","1":"post","2":"type-post","3":"status-publish","4":"format-standard","5":"has-post-thumbnail","7":"category-rennes","8":"tag-actu","9":"tag-actualites","10":"tag-bretagne","11":"tag-circulation","12":"tag-eu","13":"tag-europe","14":"tag-faits-divers","15":"tag-fr","16":"tag-france","17":"tag-news","18":"tag-rennes","19":"tag-republique-francaise","20":"tag-rocade"},"share_on_mastodon":{"url":"https:\/\/pubeurope.com\/@fr\/115628300199138788","error":""},"_links":{"self":[{"href":"https:\/\/www.europesays.com\/fr\/wp-json\/wp\/v2\/posts\/564843","targetHints":{"allow":["GET"]}}],"collection":[{"href":"https:\/\/www.europesays.com\/fr\/wp-json\/wp\/v2\/posts"}],"about":[{"href":"https:\/\/www.europesays.com\/fr\/wp-json\/wp\/v2\/types\/post"}],"author":[{"embeddable":true,"href":"https:\/\/www.europesays.com\/fr\/wp-json\/wp\/v2\/users\/2"}],"replies":[{"embeddable":true,"href":"https:\/\/www.europesays.com\/fr\/wp-json\/wp\/v2\/comments?post=564843"}],"version-history":[{"count":0,"href":"https:\/\/www.europesays.com\/fr\/wp-json\/wp\/v2\/posts\/564843\/revisions"}],"wp:featuredmedia":[{"embeddable":true,"href":"https:\/\/www.europesays.com\/fr\/wp-json\/wp\/v2\/media\/564844"}],"wp:attachment":[{"href":"https:\/\/www.europesays.com\/fr\/wp-json\/wp\/v2\/media?parent=564843"}],"wp:term":[{"taxonomy":"category","embeddable":true,"href":"https:\/\/www.europesays.com\/fr\/wp-json\/wp\/v2\/categories?post=564843"},{"taxonomy":"post_tag","embeddable":true,"href":"https:\/\/www.europesays.com\/fr\/wp-json\/wp\/v2\/tags?post=564843"}],"curies":[{"name":"wp","href":"https:\/\/api.w.org\/{rel}","templated":true}]}}