{"id":564847,"date":"2025-11-28T16:38:20","date_gmt":"2025-11-28T16:38:20","guid":{"rendered":"https:\/\/www.europesays.com\/fr\/564847\/"},"modified":"2025-11-28T16:38:20","modified_gmt":"2025-11-28T16:38:20","slug":"embarquez-pour-la-fabrique-des-contes","status":"publish","type":"post","link":"https:\/\/www.europesays.com\/fr\/564847\/","title":{"rendered":"embarquez pour la \u00ab\u00a0Fabrique des contes\u00a0\u00bb"},"content":{"rendered":"<p>Le nouveau spectacle du Ballet nautique de Strasbourg (BNS) \u201cLa fabrique des contes\u201d se tiendra du 5 au 7\u00a0d\u00e9cembre au centre nautique de Schiltigheim. Cette ann\u00e9e, le club de natation artistique a d\u00e9cid\u00e9 d\u2019agrandir la \u201csc\u00e8ne\u201d o\u00f9 \u00e9voluent habituellement les nageuses de 8 \u00e0 28 ans. Celle-ci comprendra, non seulement le grand bassin de Schiltigheim mais aussi, pour la premi\u00e8re fois, la fosse \u00e0 plongeon. \u00ab\u00a0Cela va nous permettre d\u2019augmenter la jauge dans les gradins du centre nautique et d\u2019accueillir 1\u00a0800 spectateurs par soir\u00e9e, \u00e0 la place de 1\u00a0500\u00a0\u00bb, se r\u00e9jouit le nouveau pr\u00e9sident du BNS, Vincent-\u00c9tienne Beck, d\u00e9termin\u00e9 \u00e0 donner une nouvelle envergure au club.<\/p>\n<p>  Un club cr\u00e9\u00e9 il y a quarante ans par Anne Froesch<\/p>\n<p>Pour le BNS, le gala est une histoire de longue date (et de passion) qui a commenc\u00e9 \u00e0 s\u2019\u00e9crire du temps d\u2019 <a href=\"https:\/\/www.dna.fr\/edition-de-strasbourg\/2012\/10\/25\/il-fallait-du-neuf\" target=\"_blank\" rel=\"noopener\">Anne Froesch, fondatrice du club<\/a> , il y a quarante ans. Con\u00e7u \u00e0 ses d\u00e9buts avec des moyens tr\u00e8s artisanaux, le gala s\u2019est professionnalis\u00e9 au fil des ans avec le concours de partenaires. \u00ab\u00a0Il y a quinze ans, on a commenc\u00e9 \u00e0 travailler avec Xavier Martayan, l\u2019\u00e9clairagiste de la <a href=\"https:\/\/www.dna.fr\/p\/cathedrale-de-strasbourg\" target=\"_blank\" rel=\"noopener\">cath\u00e9drale de Strasbourg<\/a>, \u00e7a a tout chang\u00e9\u00a0!\u00a0\u00bb, retrace, toujours enthousiaste, <a href=\"https:\/\/www.dna.fr\/culture-loisirs\/2025\/10\/09\/un-spectacle-de-danse-inversee-avec-la-compagnie-osmoz\" target=\"_blank\" rel=\"noopener\">Nathalie Herrmann-Deetjen<\/a> , qui orchestre l\u2019\u00e9v\u00e9nement depuis des ann\u00e9es. L\u2019ex-nageuse du BNS rappelle aussi les contributions de nombreux acteurs (l\u2019Op\u00e9ra du Rhin, Aquatique Show, le danseur et chor\u00e9graphe Richard Caquelin) qui ont fait de cet \u00e9v\u00e9nement ce qu\u2019il est aujourd\u2019hui. Un spectacle unique et quasiment professionnel, capable d\u2019attirer quelque 6\u00a0000 spectateurs en trois jours en 2025.<\/p>\n<p>  Ambiance \u00ab\u00a0steampunk\u00a0\u00bb<\/p>\n<p>Apr\u00e8s les Mille et une nuits, th\u00e8me de l\u2019an dernier, le spectacle 2025 va faire voyager petits et grands dans \u201cLa fabrique des contes\u201d. \u00ab\u00a0L\u2019id\u00e9e est partie des r\u00e9cits, du monde de l\u2019imprimerie et de la renaissance de la culture\u00a0\u00bb, expose Nathalie Herrmann-Deetjen. \u00ab\u00a0Ce sera ambiance steampunk, d\u00e9voile-t-elle. \u00c9poque victorienne, univers de Sherlock Holmes, chapeau haut de forme, robes d\u2019\u00e9poque, engrenages et d\u00e9cor de type industriel.\u00a0\u00bb En coulisses, une vingtaine de parents sont \u00e0 pied d\u2019\u0153uvre depuis cet \u00e9t\u00e9 pour concevoir les d\u00e9cors et transformer en salle de spectacle, le site nautique o\u00f9 s\u2019entra\u00eenent assid\u00fbment les nageuses et nageurs (*).<\/p>\n<p>\u00ab\u00a0La natation artistique est un sport tr\u00e8s exigeant, qui demande beaucoup d\u2019heures d\u2019entra\u00eenement, entra\u00eene de la fatigue, des blessures parfois. Le gala est un moment de pur plaisir\u00a0\u00bb, souligne Nathalie Deetjen, attach\u00e9e \u00e0 ce moment f\u00e9d\u00e9rateur, o\u00f9 tout le monde se mobilise pour faire rayonner la natation artistique, une discipline encore confidentielle et peu m\u00e9diatis\u00e9e.<\/p>\n<p>Pl\u00e9biscit\u00e9 autant en interne que par le public, le spectacle annuel constitue une ressource essentielle pour le fonctionnement du club, qui compte actuellement quelque 250 licenci\u00e9s et vingt-huit nageuses inscrites sur <a href=\"https:\/\/www.dna.fr\/sport\/2024\/07\/21\/natation-artistique-les-strasbourgeoises-eve-planeix-et-anastasia-bayandina-dans-le-grand-bain-des-jeux-olympiques\" target=\"_blank\" rel=\"noopener\">les listes minist\u00e9rielles des sportifs de haut niveau<\/a> (**).<\/p>\n<p>  Une nouvelle organisation en interne<\/p>\n<p>\u00ab\u00a0Le club veut passer un nouveau cap\u00a0\u00bb, annonce Vincent-\u00c9tienne Beck qui vient de prendre la succession de Jean-Michel Dohin, \u00e0 la t\u00eate de l\u2019association. En plus de quatre entra\u00eeneurs \u00e0 temps plein, le BNS vient de recruter de nouvelles personnes, notamment un manager et une coordinatrice administrative et sportive. \u00ab\u00a0Nous voulons maintenir l\u2019excellence sportive et utiliser le gala comme un levier\u00a0\u00bb, explique le nouveau pr\u00e9sident qui caresse un r\u00eave : valoriser le savoir-faire du show aquatique et dupliquer le spectacle, sous un autre format, dans un autre lieu. En attendant, tous les efforts convergent pour offrir le plus beau show qui soit, du 5 au 7\u00a0d\u00e9cembre.<\/p>\n<p>Dans une piscine telle que vous ne l\u2019avez jamais vue, se succ\u00e9deront douze tableaux qui verront \u00e9voluer jusqu\u2019\u00e0 150 participants pour le final. Temps fort, le ballet de comp\u00e9tition de la cat\u00e9gorie \u00e9lite (juniors), qui sera pr\u00e9sent\u00e9 peu de temps apr\u00e8s pour le championnat de France, sera une occasion pour appr\u00e9cier, derri\u00e8re les paillettes et les lumi\u00e8res, les performances sportives et techniques d\u2019athl\u00e8tes de haut niveau.<\/p>\n<p class=\"note\">\u201cLa fabrique des contes\u201d, vendredi 5 d\u00e9cembre \u00e0 20 h 30, samedi 6 d\u00e9cembre \u00e0 17 h et \u00e0 20 h 30, dimanche 7 d\u00e9cembre \u00e0 17 h. Prix des places : 10 \u20ac, 25 \u20ac ou 35 \u20ac (selon la cat\u00e9gorie). R\u00e9server sur https:\/\/www.billetweb.fr\/gala-du-bns.<\/p>\n<p class=\"note\">* Deux gar\u00e7ons sont licenci\u00e9s au BNS, notamment Nolan Fontbonne, 16 ans, class\u00e9 champion de France avec Am\u00e9lie Schmitt en duo mixte.<\/p>\n<p class=\"note\">** Le club est class\u00e9 troisi\u00e8me club de natation artistique de France.<\/p>\n","protected":false},"excerpt":{"rendered":"Le nouveau spectacle du Ballet nautique de Strasbourg (BNS) \u201cLa fabrique des contes\u201d se tiendra du 5 au&hellip;\n","protected":false},"author":2,"featured_media":564848,"comment_status":"","ping_status":"","sticky":false,"template":"","format":"standard","meta":{"footnotes":""},"categories":[2820],"tags":[1111,11,1687,2880,1777,674,107,1011,27,775,5216,12,25,5512,3140,517,640,3265],"class_list":{"0":"post-564847","1":"post","2":"type-post","3":"status-publish","4":"format-standard","5":"has-post-thumbnail","7":"category-strasbourg","8":"tag-actu","9":"tag-actualites","10":"tag-culture-loisirs","11":"tag-edition-strasbourg","12":"tag-eu","13":"tag-europe","14":"tag-fil-info","15":"tag-fr","16":"tag-france","17":"tag-grand-est","18":"tag-natation","19":"tag-news","20":"tag-republique-francaise","21":"tag-schiltigheim","22":"tag-spectacle","23":"tag-sport","24":"tag-strasbourg","25":"tag-strasbourg-nord"},"share_on_mastodon":{"url":"https:\/\/pubeurope.com\/@fr\/115628310934898843","error":""},"_links":{"self":[{"href":"https:\/\/www.europesays.com\/fr\/wp-json\/wp\/v2\/posts\/564847","targetHints":{"allow":["GET"]}}],"collection":[{"href":"https:\/\/www.europesays.com\/fr\/wp-json\/wp\/v2\/posts"}],"about":[{"href":"https:\/\/www.europesays.com\/fr\/wp-json\/wp\/v2\/types\/post"}],"author":[{"embeddable":true,"href":"https:\/\/www.europesays.com\/fr\/wp-json\/wp\/v2\/users\/2"}],"replies":[{"embeddable":true,"href":"https:\/\/www.europesays.com\/fr\/wp-json\/wp\/v2\/comments?post=564847"}],"version-history":[{"count":0,"href":"https:\/\/www.europesays.com\/fr\/wp-json\/wp\/v2\/posts\/564847\/revisions"}],"wp:featuredmedia":[{"embeddable":true,"href":"https:\/\/www.europesays.com\/fr\/wp-json\/wp\/v2\/media\/564848"}],"wp:attachment":[{"href":"https:\/\/www.europesays.com\/fr\/wp-json\/wp\/v2\/media?parent=564847"}],"wp:term":[{"taxonomy":"category","embeddable":true,"href":"https:\/\/www.europesays.com\/fr\/wp-json\/wp\/v2\/categories?post=564847"},{"taxonomy":"post_tag","embeddable":true,"href":"https:\/\/www.europesays.com\/fr\/wp-json\/wp\/v2\/tags?post=564847"}],"curies":[{"name":"wp","href":"https:\/\/api.w.org\/{rel}","templated":true}]}}