{"id":564849,"date":"2025-11-28T16:39:24","date_gmt":"2025-11-28T16:39:24","guid":{"rendered":"https:\/\/www.europesays.com\/fr\/564849\/"},"modified":"2025-11-28T16:39:24","modified_gmt":"2025-11-28T16:39:24","slug":"pour-le-batonnier-de-nice-lenjeu-avec-lamiable-est-de-faire-une","status":"publish","type":"post","link":"https:\/\/www.europesays.com\/fr\/564849\/","title":{"rendered":"Pour le b\u00e2tonnier de Nice, \u00ab l\u2019enjeu avec l\u2019amiable est de faire une (\u2026)"},"content":{"rendered":"<p>                    <img loading=\"lazy\" decoding=\"async\" src=\"https:\/\/www.europesays.com\/fr\/wp-content\/uploads\/2025\/11\/05e97842c54ce732f8005cbbc02d98.jpg\" class=\"img-responsive post-image\" width=\"680\" height=\"510\" alt=\"Pour le b\u00e2tonnier de (\u2026)\" title=\"Pour le b\u00e2tonnier de Nice, \u00ab l'enjeu avec l'amiable est de faire une meilleure justice \u00bb\"\/><\/p>\n<p class=\"chapo\">Me Emmanuel Brancaleoni a introduit une journ\u00e9e de formation organis\u00e9e par l\u2019EDASE (\u00c9cole des avocats du sud-est), le 27 novembre \u00e0 Nice, baptis\u00e9e \u00ab\u00a0L\u2019amiable dans tous ses \u00e9tats\u00a0\u00bb.<\/p>\n<p>Se basant sur un rapport du CNB (Conseil national des barreaux), pr\u00e9sent\u00e9 en assembl\u00e9e g\u00e9n\u00e9rale le 10 octobre dernier, le b\u00e2tonnier du barreau de Nice a rappel\u00e9 qu\u2019il existait toujours quelques freins au d\u00e9veloppement de l\u2019amiable\u00a0: un manque de lisibilit\u00e9 des modes amiables, des d\u00e9lais de validation un peu longs et une formation encore trop dispers\u00e9e. <br class=\"autobr\"\/><br \/>\n\u00ab\u00a0Et puis une chose qui m\u2019a v\u00e9ritablement surpris et sur laquelle il faudra que l\u2019on r\u00e9fl\u00e9chisse plus, c\u2019est qu\u2019en r\u00e9alit\u00e9, 43% des avocats form\u00e9s n\u2019osent pas mettre en avant leurs comp\u00e9tences en mati\u00e8re d\u2019amiable. Il y a pour nous un frein qui est quasiment intellectuel, c\u2019est comme si nous ne l\u2019assumions pas, a poursuivi Ma\u00eetre Brancaleoni. Aujourd\u2019hui, notre t\u00e2che \u00e0 toutes et tous, et c\u2019est l\u2019esprit de cette manifestation, est de montrer que l\u2019amiable est quelque chose de rentable, que c\u2019est ma\u00eetrisable et que c\u2019est structurable.\u00a0\u00bb<\/p>\n<p>Strat\u00e9gie de d\u00e9veloppement<\/p>\n<p>Il a \u00e9galement relev\u00e9 l\u2019importance de \u00ab\u00a0se former\u00a0autrement. Non pas seulement pour former des m\u00e9diateurs mais des avocats qui soient capables de diagnostiquer, d\u2019accompagner et de n\u00e9gocier. Il nous faut encore affirmer dans nos cabinets que l\u2019amiable est une strat\u00e9gie de d\u00e9veloppement et de croissance. L\u2019enjeu, bien \u00e9videmment, ce n\u2019est pas de faire moins de contentieux. L\u2019enjeu, c\u2019est de faire une meilleure justice. Je suis bien plac\u00e9 pour vous le dire, apr\u00e8s bient\u00f4t deux ans  (en tant que b\u00e2tonnier) et apr\u00e8s l\u2019investissement qui a \u00e9t\u00e9 le mien aux c\u00f4t\u00e9s de tous les membres que j\u2019ai nomm\u00e9s (notamment Me Sauvage-Fakir et Me Le Donne, NDLR), pour vous dire que, contrairement \u00e0 une id\u00e9e trop r\u00e9pandue et une id\u00e9e re\u00e7ue, l\u2019amiable n\u2019affaiblit pas le r\u00f4le de l\u2019avocat. Il le renforce. Parce qu\u2019il exige de la rigueur, parce qu\u2019il impose une ma\u00eetrise des int\u00e9r\u00eats du client et surtout parce qu\u2019il mobilise notre capacit\u00e9 \u00e0 cr\u00e9er des solutions que le juge ne peut parfois pas imposer\u00a0\u00a0\u00bb. <br class=\"autobr\"\/><br \/>\nEn ouverture, et alors qu\u2019il y avait pr\u00e8s de 200 personnes inscrites \u00e0 cette formation \u00e0 l\u2019h\u00f4tel Aston La Scala, le b\u00e2tonnier a relev\u00e9 que cette pr\u00e9sence \u00ab\u00a0massive\u00a0\u00bb \u00e9tait \u00ab\u00a0\u00a0un signal clair\u00a0: l\u2019amiable n\u2019est plus pour les avocats et pour les magistrats un slogan. C\u2019est une r\u00e9alit\u00e9 que nous avons d\u00e9cid\u00e9e les uns et les autres d\u2019assumer.\u00a0\u00bb<\/p>\n<p> <a href=\"https:\/\/www.europesays.com\/fr\/wp-content\/uploads\/2025\/11\/p1130412.jpg\" class=\"spip_doc_lien mediabox\" type=\"image\/jpeg\"><br \/>\n\t\t<img loading=\"lazy\" decoding=\"async\" src=\"https:\/\/www.europesays.com\/fr\/wp-content\/uploads\/2025\/11\/p1130412.jpg\" width=\"1024\" height=\"768\" alt=\"\"\/><\/a><\/p>\n<p>Plus de 200 avocats inscrits \u00e0 cette journ\u00e9e. \u00a9SG\n<\/p>\n<p>\u00ab\u00a0S\u2019engager dans l\u2019amiable\u00a0\u00bb<\/p>\n<p>\u00ab\u00a0Ce mouvement s\u2019est acc\u00e9l\u00e9r\u00e9 il y a deux ans environ avec la cr\u00e9ation des audiences de r\u00e8glement amiable (ARA) et qui s\u2019est encore plus acc\u00e9l\u00e9r\u00e9 en juillet dernier avec la r\u00e9forme en profondeur de la proc\u00e9dure civile\u00a0\u00a0\u00bb, a-t-il rappel\u00e9. <br class=\"autobr\"\/><br \/>\nSous son impulsion et gr\u00e2ce \u00e0 l\u2019investissement de Me Jenny Sauvage-Fakir, le barreau de Nice a relanc\u00e9 le <a href=\"https:\/\/www.petitesaffiches.fr\/actualites,069\/droit,044\/barreau-de-nice-aimable-avec-l,31152.html\" target=\"_blank\" rel=\"noopener\">Centre de justice amiable<\/a> et organise, une fois par mois, les MARDis de l\u2019amiable sur des th\u00e9matiques vari\u00e9es avec des avocats, des magistrats et des universitaires. La pr\u00e9sidente du tribunal judiciaire de Nice, <strong>Pascale Dorion, <\/strong> a confirm\u00e9 que l\u2019amiable \u00e9tait \u00ab\u00a0\u00a0un outil que nous devons d\u00e9velopper ensemble\u00a0\u00bb et que \u00ab\u00a0\u00a0le d\u00e9fi de la juridiction est de donner envie aux avocats et aux parties de s\u2019engager dans l\u2019amiable\u00a0\u00bb. \u00ab\u00a0\u00a0L\u2019amiable est un vrai d\u00e9fi. Il est n\u00e9cessaire que les magistrats et que les avocats se forment\u00a0\u00bb, a-t-elle ajout\u00e9, avan\u00e7ant \u00e9galement que la juridiction avait \u00ab\u00a0\u00a0besoin de greffiers et d\u2019un greffe d\u00e9di\u00e9s \u00e0 l\u2019amiable \u00a0\u00bb.<\/p>\n<p> <a href=\"https:\/\/www.europesays.com\/fr\/wp-content\/uploads\/2025\/11\/p1130403.jpg\" class=\"spip_doc_lien mediabox\" type=\"image\/jpeg\"><br \/>\n\t\t<img loading=\"lazy\" decoding=\"async\" src=\"https:\/\/www.europesays.com\/fr\/wp-content\/uploads\/2025\/11\/p1130403.jpg\" width=\"1024\" height=\"768\" alt=\"\"\/><\/a><\/p>\n<p>Me Sauvage-Fakir \u00a9SG\n<\/p>\n<p>Photo de Une\u00a0: introduction de la journ\u00e9e par le b\u00e2tonnier de Nice Emmanuel Brancaleoni \u00a9SG<\/p>\n","protected":false},"excerpt":{"rendered":"Me Emmanuel Brancaleoni a introduit une journ\u00e9e de formation organis\u00e9e par l\u2019EDASE (\u00c9cole des avocats du sud-est), le&hellip;\n","protected":false},"author":2,"featured_media":564850,"comment_status":"","ping_status":"","sticky":false,"template":"","format":"standard","meta":{"footnotes":""},"categories":[2819],"tags":[1111,11,2408,1777,674,1011,27,12,2401,882,25],"class_list":{"0":"post-564849","1":"post","2":"type-post","3":"status-publish","4":"format-standard","5":"has-post-thumbnail","7":"category-nice","8":"tag-actu","9":"tag-actualites","10":"tag-appels-d","11":"tag-eu","12":"tag-europe","13":"tag-fr","14":"tag-france","15":"tag-news","16":"tag-nice","17":"tag-provence-alpes-cote-dazur","18":"tag-republique-francaise"},"share_on_mastodon":{"url":"https:\/\/pubeurope.com\/@fr\/115628315858139591","error":""},"_links":{"self":[{"href":"https:\/\/www.europesays.com\/fr\/wp-json\/wp\/v2\/posts\/564849","targetHints":{"allow":["GET"]}}],"collection":[{"href":"https:\/\/www.europesays.com\/fr\/wp-json\/wp\/v2\/posts"}],"about":[{"href":"https:\/\/www.europesays.com\/fr\/wp-json\/wp\/v2\/types\/post"}],"author":[{"embeddable":true,"href":"https:\/\/www.europesays.com\/fr\/wp-json\/wp\/v2\/users\/2"}],"replies":[{"embeddable":true,"href":"https:\/\/www.europesays.com\/fr\/wp-json\/wp\/v2\/comments?post=564849"}],"version-history":[{"count":0,"href":"https:\/\/www.europesays.com\/fr\/wp-json\/wp\/v2\/posts\/564849\/revisions"}],"wp:featuredmedia":[{"embeddable":true,"href":"https:\/\/www.europesays.com\/fr\/wp-json\/wp\/v2\/media\/564850"}],"wp:attachment":[{"href":"https:\/\/www.europesays.com\/fr\/wp-json\/wp\/v2\/media?parent=564849"}],"wp:term":[{"taxonomy":"category","embeddable":true,"href":"https:\/\/www.europesays.com\/fr\/wp-json\/wp\/v2\/categories?post=564849"},{"taxonomy":"post_tag","embeddable":true,"href":"https:\/\/www.europesays.com\/fr\/wp-json\/wp\/v2\/tags?post=564849"}],"curies":[{"name":"wp","href":"https:\/\/api.w.org\/{rel}","templated":true}]}}