{"id":564851,"date":"2025-11-28T16:41:17","date_gmt":"2025-11-28T16:41:17","guid":{"rendered":"https:\/\/www.europesays.com\/fr\/564851\/"},"modified":"2025-11-28T16:41:17","modified_gmt":"2025-11-28T16:41:17","slug":"fc-lorient-ogc-nice-decouvrez-le-fanion-du-match","status":"publish","type":"post","link":"https:\/\/www.europesays.com\/fr\/564851\/","title":{"rendered":"FC Lorient \u2013 OGC Nice : D\u00e9couvrez le fanion du match !"},"content":{"rendered":"<p><strong>Collection fanion vintage N\u00b07\/17<\/strong><\/p>\n<p>Dans le cadre du centenaire du FC Lorient, d\u00e9couvrez notre toute nouvelle collection de fanions vintages. Pour ce 7\u00e8me match \u00e0 domicile de la saison, nos Merlus seront oppos\u00e9s dimanche \u00e0 17h15 \u00e0 l\u2019OGC Nice. Voici le fanion de la rencontre !<\/p>\n<p><strong><a href=\"https:\/\/boutique.fclorient.bzh\/fr\/accueil\/913-fanion-vintage-fcl-nice-3563450025407.html\" target=\"_blank\" rel=\"noopener\">Disponible sur notre boutique en ligne en s\u00e9rie limit\u00e9e.<\/a><\/strong><br \/><strong>Du vendredi 28 novembre \u00e0 17h00 au dimanche 30 novembre \u00e0 20h.<br \/>Format 8,5cm x 12cm<\/strong><\/p>\n","protected":false},"excerpt":{"rendered":"Collection fanion vintage N\u00b07\/17 Dans le cadre du centenaire du FC Lorient, d\u00e9couvrez notre toute nouvelle collection de&hellip;\n","protected":false},"author":2,"featured_media":564852,"comment_status":"","ping_status":"","sticky":false,"template":"","format":"standard","meta":{"footnotes":""},"categories":[2819],"tags":[1111,11,1777,674,1011,27,12,2401,882,25],"class_list":{"0":"post-564851","1":"post","2":"type-post","3":"status-publish","4":"format-standard","5":"has-post-thumbnail","7":"category-nice","8":"tag-actu","9":"tag-actualites","10":"tag-eu","11":"tag-europe","12":"tag-fr","13":"tag-france","14":"tag-news","15":"tag-nice","16":"tag-provence-alpes-cote-dazur","17":"tag-republique-francaise"},"share_on_mastodon":{"url":"https:\/\/pubeurope.com\/@fr\/115628322641832760","error":""},"_links":{"self":[{"href":"https:\/\/www.europesays.com\/fr\/wp-json\/wp\/v2\/posts\/564851","targetHints":{"allow":["GET"]}}],"collection":[{"href":"https:\/\/www.europesays.com\/fr\/wp-json\/wp\/v2\/posts"}],"about":[{"href":"https:\/\/www.europesays.com\/fr\/wp-json\/wp\/v2\/types\/post"}],"author":[{"embeddable":true,"href":"https:\/\/www.europesays.com\/fr\/wp-json\/wp\/v2\/users\/2"}],"replies":[{"embeddable":true,"href":"https:\/\/www.europesays.com\/fr\/wp-json\/wp\/v2\/comments?post=564851"}],"version-history":[{"count":0,"href":"https:\/\/www.europesays.com\/fr\/wp-json\/wp\/v2\/posts\/564851\/revisions"}],"wp:featuredmedia":[{"embeddable":true,"href":"https:\/\/www.europesays.com\/fr\/wp-json\/wp\/v2\/media\/564852"}],"wp:attachment":[{"href":"https:\/\/www.europesays.com\/fr\/wp-json\/wp\/v2\/media?parent=564851"}],"wp:term":[{"taxonomy":"category","embeddable":true,"href":"https:\/\/www.europesays.com\/fr\/wp-json\/wp\/v2\/categories?post=564851"},{"taxonomy":"post_tag","embeddable":true,"href":"https:\/\/www.europesays.com\/fr\/wp-json\/wp\/v2\/tags?post=564851"}],"curies":[{"name":"wp","href":"https:\/\/api.w.org\/{rel}","templated":true}]}}