{"id":564853,"date":"2025-11-28T16:42:27","date_gmt":"2025-11-28T16:42:27","guid":{"rendered":"https:\/\/www.europesays.com\/fr\/564853\/"},"modified":"2025-11-28T16:42:27","modified_gmt":"2025-11-28T16:42:27","slug":"createurs-et-ambiance-feerique-a-nantes","status":"publish","type":"post","link":"https:\/\/www.europesays.com\/fr\/564853\/","title":{"rendered":"Cr\u00e9ateurs et ambiance f\u00e9erique \u00e0 Nantes"},"content":{"rendered":"<p>                            <strong>Le festival de cr\u00e9ateurs ax\u00e9 particuli\u00e8rement sur la famille ouvrira ses portes pour la premi\u00e8re fois \u00e0 Nantes. Il se d\u00e9roulera les 6 et 7 d\u00e9cembre et plongera les visiteurs dans une atmosph\u00e8re enchanteresse et cosmique.\u00a0<\/strong><\/p>\n<p>L\u2019\u00e9v\u00e8nement se tiendra au Palace \u00e0 <strong><a href=\"https:\/\/hellogazettenantes.fr\/le-polar-mis-a-lhonneur-a-nantes-jusqua-mi-decembre\/\" target=\"_blank\" rel=\"noopener\">Nantes<\/a> <\/strong>du samedi 6 au dimanche 7 d\u00e9cembre 2025. KIDS ETC est un festival mettant \u00e0 l\u2019honneur les cr\u00e9ateurs le tout dans une ambiance familiale au sens large. Parents, enfants, grands-parents, oncles, tantes et amis sont ainsi invit\u00e9s \u00e0 plonger dans une ambiance conviviale et f\u00e9erique.\u00a0<\/p>\n<p>Ce festival qui existe depuis 10 ans s\u2019installera \u00e0 Nantes cette ann\u00e9e. Il est organis\u00e9 par H\u00e9l\u00e8ne B (@helenepetitvillage) entrepreneuse et cr\u00e9atrice de contenu sur Instagram. Le th\u00e8me ? \u00ab To the Moon \u00bb (Vers la lune). Le d\u00e9cor a \u00e9t\u00e9 pens\u00e9 par l\u2019illustratrice C\u00e9lia Aubry.\u00a0<\/p>\n<p>40 cr\u00e9ateurs seront pr\u00e9sents. Temps d\u2019\u00e9change, photos, ateliers, animations seront \u00e0 d\u00e9couvrir. Sommeil de l\u2019enfant, charge mentale feront notamment partie des sujets abord\u00e9s.\u00a0<\/p>\n<p style=\"text-align: center;\">Infos compl\u00e9mentaires :<\/p>\n<p style=\"text-align: center;\">4 Rue Voltaire \u00e0 Nantes<\/p>\n<p style=\"text-align: center;\">De 11h \u00e0 18h, Gratuit<\/p>\n<p>Photo : Affiche de KIDS ETC, DR            <\/p>\n<p><img decoding=\"async\" alt=\"Advertisement\" src=\"data:image\/svg+xml,%3Csvg%20xmlns=\" http:=\"\" data-lazy-src=\"https:\/\/www.europesays.com\/fr\/wp-content\/uploads\/2025\/04\/Application-mobile-hello-gazette-nantes.gif\"\/><\/p>\n","protected":false},"excerpt":{"rendered":"Le festival de cr\u00e9ateurs ax\u00e9 particuli\u00e8rement sur la famille ouvrira ses portes pour la premi\u00e8re fois \u00e0 Nantes.&hellip;\n","protected":false},"author":2,"featured_media":564854,"comment_status":"","ping_status":"","sticky":false,"template":"","format":"standard","meta":{"footnotes":""},"categories":[2818],"tags":[1111,11,1777,674,1011,27,766,12,2636,25],"class_list":{"0":"post-564853","1":"post","2":"type-post","3":"status-publish","4":"format-standard","5":"has-post-thumbnail","7":"category-nantes","8":"tag-actu","9":"tag-actualites","10":"tag-eu","11":"tag-europe","12":"tag-fr","13":"tag-france","14":"tag-nantes","15":"tag-news","16":"tag-pays-de-la-loire","17":"tag-republique-francaise"},"share_on_mastodon":{"url":"https:\/\/pubeurope.com\/@fr\/115628326498776890","error":""},"_links":{"self":[{"href":"https:\/\/www.europesays.com\/fr\/wp-json\/wp\/v2\/posts\/564853","targetHints":{"allow":["GET"]}}],"collection":[{"href":"https:\/\/www.europesays.com\/fr\/wp-json\/wp\/v2\/posts"}],"about":[{"href":"https:\/\/www.europesays.com\/fr\/wp-json\/wp\/v2\/types\/post"}],"author":[{"embeddable":true,"href":"https:\/\/www.europesays.com\/fr\/wp-json\/wp\/v2\/users\/2"}],"replies":[{"embeddable":true,"href":"https:\/\/www.europesays.com\/fr\/wp-json\/wp\/v2\/comments?post=564853"}],"version-history":[{"count":0,"href":"https:\/\/www.europesays.com\/fr\/wp-json\/wp\/v2\/posts\/564853\/revisions"}],"wp:featuredmedia":[{"embeddable":true,"href":"https:\/\/www.europesays.com\/fr\/wp-json\/wp\/v2\/media\/564854"}],"wp:attachment":[{"href":"https:\/\/www.europesays.com\/fr\/wp-json\/wp\/v2\/media?parent=564853"}],"wp:term":[{"taxonomy":"category","embeddable":true,"href":"https:\/\/www.europesays.com\/fr\/wp-json\/wp\/v2\/categories?post=564853"},{"taxonomy":"post_tag","embeddable":true,"href":"https:\/\/www.europesays.com\/fr\/wp-json\/wp\/v2\/tags?post=564853"}],"curies":[{"name":"wp","href":"https:\/\/api.w.org\/{rel}","templated":true}]}}