{"id":564855,"date":"2025-11-28T16:43:22","date_gmt":"2025-11-28T16:43:22","guid":{"rendered":"https:\/\/www.europesays.com\/fr\/564855\/"},"modified":"2025-11-28T16:43:22","modified_gmt":"2025-11-28T16:43:22","slug":"ce-match-ne-sera-pas-normal-pour-moi-forme-a-nantes-le-montpellierain-gora-diop-retrouve-son-ancien-club","status":"publish","type":"post","link":"https:\/\/www.europesays.com\/fr\/564855\/","title":{"rendered":"\u00ab\u00a0Ce match ne sera pas normal pour moi\u00a0\u00bb, form\u00e9 \u00e0 Nantes le Montpelli\u00e9rain Gora Diop retrouve son ancien club"},"content":{"rendered":"<p>\n                                                                Le MMF re\u00e7oit Nantes, samedi (18h45) au Palais des sports Coubertin de Montpellier. L\u2019occasion pour l\u2019ancien nantais Gora Diop de briller avec ses nouvelles couleurs.\n                            <\/p>\n<p>Cette date du samedi 29\u00a0novembre, Gora Diop l\u2019a coch\u00e9e depuis que le calendrier de la saison a \u00e9t\u00e9 d\u00e9voil\u00e9. Le natif de Nantes va affronter pour la premi\u00e8re fois de sa jeune carri\u00e8re son club formateur, celui de la ville o\u00f9 il a grandi. \u00ab\u00a0Je pr\u00e9pare ce rendez-vous comme un match normal mais je sais qu\u2019il ne le sera pas. J\u2019ai envie de montrer que j\u2019ai \u00e9volu\u00e9 et je n\u2019aurai pas d\u2019\u00e9tat d\u2019\u00e2me.\u00a0\u00bb<\/p>\n<p>Pass\u00e9 par l\u2019\u00e9cole de foot du FC Nantes, le joueur de 21 ans a ensuite int\u00e9gr\u00e9 le P\u00f4le France Futsal \u00e0 Lyon quand il avait 15 ans en m\u00eame temps qu\u2019il a sign\u00e9 au Nantes M\u00e9tropole Futsal.<\/p>\n<p>Apr\u00e8s quatre saisons en premi\u00e8re division marqu\u00e9e par une victoire en Coupe de France et trois qualifications en playoffs du championnat, il a d\u00e9cid\u00e9 de prendre son envol en signant cet \u00e9t\u00e9 \u00e0 Montpellier. \u00ab\u00a0D\u2019un commun accord avec les dirigeants, j\u2019ai quitt\u00e9 Nantes, explique-t-il. Il fallait que je sorte de ma zone de confort. Avoir int\u00e9gr\u00e9 le club de Montpellier me fait du bien, me fait grandir. Je joue avec un nouveau coach qui a une autre fa\u00e7on de travailler et de penser futsal. Je prends en maturit\u00e9, je n\u2019habite plus chez mes parents, j\u2019ai plus de responsabilit\u00e9s.\u00a0\u00bb<\/p>\n<p>\u00ab\u00a0Je monte en puissance\u00a0\u00bb<\/p>\n<p>Gora Diop a \u00e9t\u00e9 l\u2019une des trois recrues estivales c\u00f4t\u00e9 montpelli\u00e9rain\u00a0: \u00ab\u00a0J\u2019ai mis du temps \u00e0 m\u2019adapter mais plus le temps passe, mieux je me sens dans le collectif. J\u2019\u00e9tais le seul \u00e0 ne pas conna\u00eetre le coach. Petit \u00e0 petit, je monte en puissance et je gratte du temps de jeu. J\u2019apporte de l\u2019intelligence tactique, de la s\u00e9r\u00e9nit\u00e9 et de la maturit\u00e9.\u00a0\u00bb<\/p>\n<p>Pass\u00e9 par les \u00e9quipes de France jeunes, le Nantes a connu deux s\u00e9lections avec les grands il y a deux ans\u00a0: \u00ab\u00a0Je sais que je ne suis pas tr\u00e8s loin mais il faut que je joue plus\u00a0\u00bb, estime-t-il. Face \u00e0 Nantes, Gora Diop aura l\u2019occasion de se montrer.<\/p>\n","protected":false},"excerpt":{"rendered":"Le MMF re\u00e7oit Nantes, samedi (18h45) au Palais des sports Coubertin de Montpellier. L\u2019occasion pour l\u2019ancien nantais Gora&hellip;\n","protected":false},"author":2,"featured_media":564856,"comment_status":"","ping_status":"","sticky":false,"template":"","format":"standard","meta":{"footnotes":""},"categories":[2818],"tags":[1111,11,1777,674,1011,27,766,12,2636,25],"class_list":{"0":"post-564855","1":"post","2":"type-post","3":"status-publish","4":"format-standard","5":"has-post-thumbnail","7":"category-nantes","8":"tag-actu","9":"tag-actualites","10":"tag-eu","11":"tag-europe","12":"tag-fr","13":"tag-france","14":"tag-nantes","15":"tag-news","16":"tag-pays-de-la-loire","17":"tag-republique-francaise"},"share_on_mastodon":{"url":"https:\/\/pubeurope.com\/@fr\/115628330407966360","error":""},"_links":{"self":[{"href":"https:\/\/www.europesays.com\/fr\/wp-json\/wp\/v2\/posts\/564855","targetHints":{"allow":["GET"]}}],"collection":[{"href":"https:\/\/www.europesays.com\/fr\/wp-json\/wp\/v2\/posts"}],"about":[{"href":"https:\/\/www.europesays.com\/fr\/wp-json\/wp\/v2\/types\/post"}],"author":[{"embeddable":true,"href":"https:\/\/www.europesays.com\/fr\/wp-json\/wp\/v2\/users\/2"}],"replies":[{"embeddable":true,"href":"https:\/\/www.europesays.com\/fr\/wp-json\/wp\/v2\/comments?post=564855"}],"version-history":[{"count":0,"href":"https:\/\/www.europesays.com\/fr\/wp-json\/wp\/v2\/posts\/564855\/revisions"}],"wp:featuredmedia":[{"embeddable":true,"href":"https:\/\/www.europesays.com\/fr\/wp-json\/wp\/v2\/media\/564856"}],"wp:attachment":[{"href":"https:\/\/www.europesays.com\/fr\/wp-json\/wp\/v2\/media?parent=564855"}],"wp:term":[{"taxonomy":"category","embeddable":true,"href":"https:\/\/www.europesays.com\/fr\/wp-json\/wp\/v2\/categories?post=564855"},{"taxonomy":"post_tag","embeddable":true,"href":"https:\/\/www.europesays.com\/fr\/wp-json\/wp\/v2\/tags?post=564855"}],"curies":[{"name":"wp","href":"https:\/\/api.w.org\/{rel}","templated":true}]}}