{"id":564857,"date":"2025-11-28T16:44:10","date_gmt":"2025-11-28T16:44:10","guid":{"rendered":"https:\/\/www.europesays.com\/fr\/564857\/"},"modified":"2025-11-28T16:44:10","modified_gmt":"2025-11-28T16:44:10","slug":"un-triporteur-pour-mieux-comprendre-les-mutations-des-quartiers","status":"publish","type":"post","link":"https:\/\/www.europesays.com\/fr\/564857\/","title":{"rendered":"un triporteur pour mieux comprendre les mutations des quartiers"},"content":{"rendered":"<p>Mobile, visible et facile d\u2019acc\u00e8s, ce triporteur offre une nouvelle mani\u00e8re d\u2019entrer en contact avec les riverains. \u00ab\u00a0Quand je viens directement vers les habitants, le contact est plus simple, plus chaleureux. Les \u00e9changes sont spontan\u00e9s et l\u2019ambiance plus positive\u00a0\u00bb, souligne la m\u00e9diatrice, habitu\u00e9e \u00e0 recevoir, \u00e0 la Maison du projet, un public souvent inquiet ou m\u00eame parfois m\u00e9content.<\/p>\n","protected":false},"excerpt":{"rendered":"Mobile, visible et facile d\u2019acc\u00e8s, ce triporteur offre une nouvelle mani\u00e8re d\u2019entrer en contact avec les riverains. \u00ab\u00a0Quand&hellip;\n","protected":false},"author":2,"featured_media":564858,"comment_status":"","ping_status":"","sticky":false,"template":"","format":"standard","meta":{"footnotes":""},"categories":[2817],"tags":[1111,11,1997,1777,674,1011,27,12,2219,25],"class_list":{"0":"post-564857","1":"post","2":"type-post","3":"status-publish","4":"format-standard","5":"has-post-thumbnail","7":"category-bordeaux","8":"tag-actu","9":"tag-actualites","10":"tag-bordeaux","11":"tag-eu","12":"tag-europe","13":"tag-fr","14":"tag-france","15":"tag-news","16":"tag-nouvelle-aquitaine","17":"tag-republique-francaise"},"share_on_mastodon":{"url":"https:\/\/pubeurope.com\/@fr\/115628334392614188","error":""},"_links":{"self":[{"href":"https:\/\/www.europesays.com\/fr\/wp-json\/wp\/v2\/posts\/564857","targetHints":{"allow":["GET"]}}],"collection":[{"href":"https:\/\/www.europesays.com\/fr\/wp-json\/wp\/v2\/posts"}],"about":[{"href":"https:\/\/www.europesays.com\/fr\/wp-json\/wp\/v2\/types\/post"}],"author":[{"embeddable":true,"href":"https:\/\/www.europesays.com\/fr\/wp-json\/wp\/v2\/users\/2"}],"replies":[{"embeddable":true,"href":"https:\/\/www.europesays.com\/fr\/wp-json\/wp\/v2\/comments?post=564857"}],"version-history":[{"count":0,"href":"https:\/\/www.europesays.com\/fr\/wp-json\/wp\/v2\/posts\/564857\/revisions"}],"wp:featuredmedia":[{"embeddable":true,"href":"https:\/\/www.europesays.com\/fr\/wp-json\/wp\/v2\/media\/564858"}],"wp:attachment":[{"href":"https:\/\/www.europesays.com\/fr\/wp-json\/wp\/v2\/media?parent=564857"}],"wp:term":[{"taxonomy":"category","embeddable":true,"href":"https:\/\/www.europesays.com\/fr\/wp-json\/wp\/v2\/categories?post=564857"},{"taxonomy":"post_tag","embeddable":true,"href":"https:\/\/www.europesays.com\/fr\/wp-json\/wp\/v2\/tags?post=564857"}],"curies":[{"name":"wp","href":"https:\/\/api.w.org\/{rel}","templated":true}]}}