{"id":564859,"date":"2025-11-28T16:45:13","date_gmt":"2025-11-28T16:45:13","guid":{"rendered":"https:\/\/www.europesays.com\/fr\/564859\/"},"modified":"2025-11-28T16:45:13","modified_gmt":"2025-11-28T16:45:13","slug":"lunion-bordeaux-begles-ubb-part-en-mission-pour-dix-jours","status":"publish","type":"post","link":"https:\/\/www.europesays.com\/fr\/564859\/","title":{"rendered":"l\u2019Union Bordeaux-B\u00e8gles (UBB) part en mission pour dix jours"},"content":{"rendered":"<p>Cette exp\u00e9dition \u00e0 deux tiroirs rev\u00eat un double objectif\u00a0: d\u2019abord se relancer en championnat apr\u00e8s la d\u00e9faite \u00e0 domicile face \u00e0 Pau le week-end dernier (33-34), ensuite d\u00e9marrer la campagne europ\u00e9enne par un succ\u00e8s pour entretenir l\u2019ambition d\u2019une phase finale \u00e0 domicile jusqu\u2019aux demies incluses. On parlerait bien de mission commando, mais \u00ab\u00a0c\u2019est un bien grand mot, on ne part pas non plus faire la guerre\u2026\u00a0\u00bb, fait remarquer Christophe Laussucq, entra\u00eeneur en charge de la d\u00e9fense de l\u2019UBB. Et pourtant, le champion d\u2019Europe en titre n\u2019en sera pas si loin\u2026<\/p>\n<p>Du lourd, ici et l\u00e0-bas<\/p>\n<p>Car entre le MHR, meilleure d\u00e9fense du championnat et qui n\u2019encaisse que 15\u00a0points par match \u00e0 domicile en moyenne, et les Bulls du monolithique manager Jake White, o\u00f9 \u00e9voluent plusieurs internationaux sud-africains venus s\u2019\u00e9brouer en Europe ce mois-ci, c\u2019est du lourd qui s\u2019annonce. \u00ab\u00a0On sait que sur les deux matchs qui arrivent, on aura un gros combat devant, que ce soit \u00e0 Montpellier ou en Afrique du Sud. \u00c7a va taper tr\u00e8s fort. Et le match de ce samedi est le meilleur moyen de se pr\u00e9parer au suivant\u00a0\u00bb, estime le deuxi\u00e8me ligne Boris Palu.<\/p>\n<p>Quatre essais encaiss\u00e9s \u00e0 Castres (victoire 26-28), 34 points dont trois essais conc\u00e9d\u00e9s contre Pau\u00a0: le rideau girondin doit resserrer ses mailles, sous peine de devoir multiplier les prouesses offensives pour envisager des succ\u00e8s. \u00ab\u00a0Il faut qu\u2019on retrouve de l\u2019agressivit\u00e9 sur la ligne d\u2019avantage\u00a0\u00bb, conc\u00e8de Laussucq, aussi heureux de voir sa d\u00e9fense se faire trouer par la Section que de venir devant les micros ce vendredi. Clermont, venu s\u2019imposer petitement dans l\u2019H\u00e9rault il y a trois semaines (7-9), a montr\u00e9 la marche \u00e0 suivre. Mais Toulouse, La\u00a0Rochelle et Lyon ont chacun pris plus de 30 grains sur cette pelouse.<\/p>\n<p>Le froid et le chaud<\/p>\n<p>Dimanche, Louis Bielle-Biarrey, Damian Penaud et le revenant Yoram Moefana, entre autres, devraient rejoindre le groupe \u00e0 Montpellier en minibus. Tout ce beau monde quittera la froideur automnale pour se retrouver sous 26 degr\u00e9s \u00e0 Pretoria, avec une petite semaine pour s\u2019acclimater. \u00ab\u00a0Passer dix jours ensemble, ce n\u2019est pas anodin, on ne le fait pas souvent, remarque Maxime Lucu, de retour apr\u00e8s sa longue parenth\u00e8se internationale. \u00c7a va nous permettre de nous resserrer, de renforcer la coh\u00e9sion, de repartir sur un nouvel \u00e9lan. Il faut se servir de ces deux matchs pour construire quelque chose de bien cet hiver.\u00a0\u00bb<\/p>\n<p>L\u2019UBB, aujourd\u2019hui cinqui\u00e8me \u00e0 quatre points de la deuxi\u00e8me place, conna\u00eet la recette. Lors des deux derni\u00e8res saisons, elle avait r\u00e9ussi \u00e0 enclencher des longues s\u00e9ries de victoires \u00e0 partir de fin novembre. Ces p\u00e9riodes d\u2019invincibilit\u00e9 l\u2019avaient plac\u00e9e sur orbite, direction les phases finales du Top\u00a014 et de la Champions Cup. Cette ann\u00e9e, elle a d\u00e9j\u00e0 grill\u00e9 un joker \u00e0 domicile. \u00ab\u00a0C\u2019est dans les moments comme celui-l\u00e0 qu\u2019on voit le c\u0153ur d\u2019une \u00e9quipe, juge Boris Palu. On ne peut pas laisser filer trop de points car apr\u00e8s, on va se retrouver \u00e0 courir derri\u00e8re les autres \u00e9quipes. On dit que le Top\u00a014 est un marathon, mais ce marathon-l\u00e0, il se court vite\u00a0!\u00a0\u00bb<\/p>\n","protected":false},"excerpt":{"rendered":"Cette exp\u00e9dition \u00e0 deux tiroirs rev\u00eat un double objectif\u00a0: d\u2019abord se relancer en championnat apr\u00e8s la d\u00e9faite \u00e0&hellip;\n","protected":false},"author":2,"featured_media":564860,"comment_status":"","ping_status":"","sticky":false,"template":"","format":"standard","meta":{"footnotes":""},"categories":[2817],"tags":[1111,11,1997,1777,674,1011,27,12,2219,25],"class_list":{"0":"post-564859","1":"post","2":"type-post","3":"status-publish","4":"format-standard","5":"has-post-thumbnail","7":"category-bordeaux","8":"tag-actu","9":"tag-actualites","10":"tag-bordeaux","11":"tag-eu","12":"tag-europe","13":"tag-fr","14":"tag-france","15":"tag-news","16":"tag-nouvelle-aquitaine","17":"tag-republique-francaise"},"share_on_mastodon":{"url":"https:\/\/pubeurope.com\/@fr\/115628338376051807","error":""},"_links":{"self":[{"href":"https:\/\/www.europesays.com\/fr\/wp-json\/wp\/v2\/posts\/564859","targetHints":{"allow":["GET"]}}],"collection":[{"href":"https:\/\/www.europesays.com\/fr\/wp-json\/wp\/v2\/posts"}],"about":[{"href":"https:\/\/www.europesays.com\/fr\/wp-json\/wp\/v2\/types\/post"}],"author":[{"embeddable":true,"href":"https:\/\/www.europesays.com\/fr\/wp-json\/wp\/v2\/users\/2"}],"replies":[{"embeddable":true,"href":"https:\/\/www.europesays.com\/fr\/wp-json\/wp\/v2\/comments?post=564859"}],"version-history":[{"count":0,"href":"https:\/\/www.europesays.com\/fr\/wp-json\/wp\/v2\/posts\/564859\/revisions"}],"wp:featuredmedia":[{"embeddable":true,"href":"https:\/\/www.europesays.com\/fr\/wp-json\/wp\/v2\/media\/564860"}],"wp:attachment":[{"href":"https:\/\/www.europesays.com\/fr\/wp-json\/wp\/v2\/media?parent=564859"}],"wp:term":[{"taxonomy":"category","embeddable":true,"href":"https:\/\/www.europesays.com\/fr\/wp-json\/wp\/v2\/categories?post=564859"},{"taxonomy":"post_tag","embeddable":true,"href":"https:\/\/www.europesays.com\/fr\/wp-json\/wp\/v2\/tags?post=564859"}],"curies":[{"name":"wp","href":"https:\/\/api.w.org\/{rel}","templated":true}]}}