{"id":564865,"date":"2025-11-28T16:48:13","date_gmt":"2025-11-28T16:48:13","guid":{"rendered":"https:\/\/www.europesays.com\/fr\/564865\/"},"modified":"2025-11-28T16:48:13","modified_gmt":"2025-11-28T16:48:13","slug":"voici-nos-10-idees-de-sorties-a-lille-et-dans-ses-alentours-pour-ce-samedi-29-novembre","status":"publish","type":"post","link":"https:\/\/www.europesays.com\/fr\/564865\/","title":{"rendered":"Voici nos 10 id\u00e9es de sorties \u00e0 Lille et dans ses alentours pour ce samedi 29 novembre"},"content":{"rendered":"<p>                    Par<br \/>\n        <strong><br \/>\n            <a href=\"https:\/\/actu.fr\/auteur\/nicolas-demollien\" title=\"Consulter tous les articles de Nicolas Demollien\" target=\"_blank\" rel=\"noopener\">Nicolas Demollien<\/a><br \/>\n                    <\/strong><\/p>\n<p>        Publi\u00e9 le<\/p>\n<p>            28 nov. 2025 \u00e0 16h40        <\/p>\n<p><b>Que faire ce samedi 29 novembre 2025<\/b> \u00e0 <a href=\"https:\/\/actu.fr\/hauts-de-france\/lille_59350\" target=\"_blank\" rel=\"noopener\">Lille<\/a> (Nord) et dans ses alentours ? Si vous vous posez cette question, nous avons s\u00e9lectionn\u00e9 pour vous <b>dix id\u00e9es de sorties<\/b> afin de <b>vous aider \u00e0 passer une belle journ\u00e9e<\/b>. Et ce que vous soyez <b>seul, en famille ou entre amis<\/b>. A vous de choisir !<\/p>\n<p>10 id\u00e9es de sorties \u00e0 Lille pour ce samedi 30 novembre<\/p>\n<ul class=\" wall-content\">\n<li><a href=\"https:\/\/actu.fr\/loisirs-culture\/nord-les-brocantes-en-salle-et-bourses-aux-jouets-du-week-end-des-29-et-30-novembre_63477580.html\" target=\"_blank\" rel=\"noopener\">Nord. Les brocantes en salle et bourses aux jouets du week-end des 29 et 30 novembre<\/a><\/li>\n<\/ul>\n<p class=\" wall-content\">Le week-end du samedi\u00a029 et du dimanche 30\u00a0novembre 2025, de nombreuses brocantes en salle et bourses aux jouets sont organis\u00e9es dans le Nord. Voici la liste des \u00e9v\u00e9nements pr\u00e9vus.<\/p>\n<ul class=\" wall-content\">\n<li><a href=\"https:\/\/actu.fr\/hauts-de-france\/lille_59350\/lille-un-grand-festival-gratuit-dedie-au-welsh-aura-lieu-tout-le-week-end_63478157.html\" target=\"_blank\" rel=\"noopener\">Lille : un grand festival gratuit d\u00e9di\u00e9 au welsh aura lieu tout le week-end !<\/a><\/li>\n<\/ul>\n<p class=\" wall-content\">Avis aux amoureux de la gastronomie du Nord ! Ces samedi 29 et dimanche 30 novembre 2025, un festival d\u00e9di\u00e9 au welsh se tiendra \u00e0 Lille (Nord). Et en plus l\u2019entr\u00e9e est gratuite.<\/p>\n<ul class=\" wall-content\">\n<li><a href=\"https:\/\/actu.fr\/hauts-de-france\/roubaix_59512\/durable-associatifs-en-coeur-de-ville-les-marches-de-noel-du-week-end-dans-le-nord_63495989.html\" target=\"_blank\" rel=\"noopener\">Durable, associatifs, en c\u0153ur de ville\u2026 Les march\u00e9s de No\u00ebl du week-end, dans le Nord<\/a><\/li>\n<\/ul>\n<p class=\" wall-content\">De nombreux march\u00e9s de No\u00ebl animeront le territoire, le week-end des 28, 29 et 30 novembre 2025, dans le Nord. On vous donne le programme avec les infos pratiques.<\/p>\n<p>Votre r\u00e9gion, votre actu !<\/p>\n<p>Recevez chaque jour les infos qui comptent pour vous.<\/p>\n<p>\t<a href=\"https:\/\/actu.fr\/newsletter\" class=\"ac-btn ac-btn--corner ac-btn--medium ac-btn--blue800\" target=\"_blank\" rel=\"noopener\">S&rsquo;incrire<\/a><\/p>\n<ul class=\" wall-content\">\n<li><a href=\"https:\/\/actu.fr\/hauts-de-france\/lille_59350\/lille-marche-spectacles-decouvrez-mairie-christmas-ce-samedi-a-lhotel-de-ville_63490067.html\" target=\"_blank\" rel=\"noopener\">Lille. March\u00e9, spectacles\u2026 D\u00e9couvrez \u00a0\u00bb Mairie Christmas \u00a0\u00bb ce samedi \u00e0 l\u2019H\u00f4tel de ville !<\/a><\/li>\n<\/ul>\n<p class=\" wall-content\">Voil\u00e0 un \u00e9v\u00e9nement qui sent bon No\u00ebl\u2009! Ce samedi 29\u00a0novembre 2025, d\u00e9couvrez \u00ab\u00a0\u2009Mairie Christmas\u2009\u00a0\u00bb et son march\u00e9 durable \u00e0 l\u2019h\u00f4tel de Ville de Lille (Nord). Programme.<\/p>\n<ul class=\" wall-content\">\n<li><a href=\"https:\/\/actu.fr\/hauts-de-france\/marcq-en-baroeul_59378\/marcq-en-baroeul-lenorme-fete-aux-huitres-fait-son-grand-retour-ce-week-end_63485025.html\" target=\"_blank\" rel=\"noopener\">Marcq-en-Bar\u0153ul : l\u2019\u00e9norme f\u00eate aux hu\u00eetres fait son grand retour ce week-end<\/a><\/li>\n<\/ul>\n<p class=\" wall-content\">Ev\u00e9nement devenu incontournable \u00e0 Marcq-en-Bar\u0153ul (Nord), la grande f\u00eate aux hu\u00eetres est de retour \u00e0 l\u2019hippodrome du vendredi 28 au dimanche 30 novembre 2025. D\u00e9tails.<\/p>\n<ul class=\" wall-content\">\n<li><a href=\"https:\/\/actu.fr\/hauts-de-france\/orchies_59449\/jeux-video-mangas-une-grande-brocante-100-geek-organise-tout-le-week-end-dans-le-nord_63479794.html\" target=\"_blank\" rel=\"noopener\">Jeux vid\u00e9o, mangas\u2026 Une grande brocante 100% geek organis\u00e9e tout le week-end dans le Nord<\/a><\/li>\n<\/ul>\n<p class=\" wall-content\">Vous pourriez bien y d\u00e9nicher quelques fabuleuses p\u00e9pites ! Ces samedi 29 et dimanche 30 novembre 2025, une grande brocante geek est organis\u00e9e du c\u00f4t\u00e9 d\u2019Orchies (Nord). D\u00e9tails.<\/p>\n<ul class=\" wall-content\">\n<li><a href=\"https:\/\/actu.fr\/hauts-de-france\/tourcoing_59599\/a-tourcoing-des-installations-hypnotiques-et-impressionnantes-dans-la-nouvelle-expo-panorama-27_63454191.html\" target=\"_blank\" rel=\"noopener\">\u00c0 Tourcoing, des installations hypnotiques et impressionnantes dans la nouvelle expo \u00a0\u00bb Panorama 27 \u00ab\u00a0<\/a><\/li>\n<\/ul>\n<p class=\" wall-content\">\u00ab\u00a0\u2009Simultan\u00e9it\u00e9\u2009\u00a0\u00bb est le th\u00e8me de la nouvelle exposition \u00ab\u00a0\u2009Panorama\u2009\u00a0\u00bb r\u00e9unissant 50 \u0153uvres in\u00e9dites au Fresnoy de Tourcoing (Nord), visible jusque d\u00e9but 2026. Elle vaut le d\u00e9tour\u2009!<\/p>\n<ul class=\" wall-content\">\n<li><a href=\"https:\/\/actu.fr\/hauts-de-france\/lille_59350\/a-lille-les-deux-expositions-temporaires-du-palais-des-beaux-arts-prolongees_63437445.html\" target=\"_blank\" rel=\"noopener\">\u00c0 Lille, les deux expositions temporaires du Palais des Beaux-arts prolong\u00e9es<\/a><\/li>\n<\/ul>\n<p class=\" wall-content\">Les expositions du moment au Palais des Beaux-arts de Lille (Nord) pr\u00e9vues jusqu\u2019\u00e0 fin 2025 et d\u00e9but 2026 jouent les prolongations. Pr\u00e9cisions.<\/p>\n<ul class=\" wall-content\">\n<li><a href=\"https:\/\/actu.fr\/hauts-de-france\/douai_59178\/musee-de-la-chartreuse-de-douai-des-ermites-dautrefois-aux-esthetes-daujourdhui_63413336.html\" target=\"_blank\" rel=\"noopener\">Mus\u00e9e de la Chartreuse de Douai : des ermites d\u2019autrefois aux esth\u00e8tes d\u2019aujourd\u2019hui<\/a><\/li>\n<\/ul>\n<p class=\" wall-content\">Comment un h\u00f4tel particulier du XVIe est-il devenu un r\u00e9servoir moderne d\u2019\u00e9merveillement ? Le Mus\u00e9e de la Chartreuse \u00e0 Douai accueille environ 30 000 visiteurs par an.<\/p>\n<ul class=\" wall-content\">\n<li><a href=\"https:\/\/actu.fr\/loisirs-culture\/a-moins-de-deux-heures-de-lille-cette-ville-de-belgique-a-la-frontiere-la-plus-bizarre-du-monde_63348924.html\" target=\"_blank\" rel=\"noopener\">\u00c0 moins de deux heures de Lille, cette ville de Belgique a la fronti\u00e8re la plus \u00a0\u00bb bizarre \u00a0\u00bb du monde<\/a><\/li>\n<\/ul>\n<p class=\" wall-content\">Elle peut se targuer d\u2019avoir la fronti\u00e8re internationale la plus \u00e9trange du monde\u2009! \u00c0 moins de deux heures de Lille (Nord), cette ville de Belgique vaut vraiment le coup d\u2019\u0153il.<\/p>\n<p class=\" wall-content\">Personnalisez votre actualit\u00e9 en ajoutant vos villes et m\u00e9dias en favori avec <a href=\"https:\/\/moncompte.actu.fr\" title=\"D\u00e9couvez Mon Actu\" rel=\"nofollow noopener\" data-trk=\"{&quot;cta&quot;:{&quot;action&quot;:&quot;https:\\\/\\\/moncompte.actu.fr&quot;,&quot;category&quot;:&quot;mon compte&quot;,&quot;from&quot;:&quot;article footer&quot;,&quot;name&quot;:&quot;Mon actu&quot;,&quot;type&quot;:&quot;cta&quot;}}\" target=\"_blank\">Mon Actu<\/a>.<\/p>\n","protected":false},"excerpt":{"rendered":"Par Nicolas Demollien Publi\u00e9 le 28 nov. 2025 \u00e0 16h40 Que faire ce samedi 29 novembre 2025 \u00e0&hellip;\n","protected":false},"author":2,"featured_media":564866,"comment_status":"","ping_status":"","sticky":false,"template":"","format":"standard","meta":{"footnotes":""},"categories":[2815],"tags":[1111,11,1777,674,1011,27,811,1307,1652,12,25],"class_list":{"0":"post-564865","1":"post","2":"type-post","3":"status-publish","4":"format-standard","5":"has-post-thumbnail","7":"category-lille","8":"tag-actu","9":"tag-actualites","10":"tag-eu","11":"tag-europe","12":"tag-fr","13":"tag-france","14":"tag-hauts-de-france","15":"tag-lille","16":"tag-loisirs-culture","17":"tag-news","18":"tag-republique-francaise"},"share_on_mastodon":{"url":"https:\/\/pubeurope.com\/@fr\/115628350265728001","error":""},"_links":{"self":[{"href":"https:\/\/www.europesays.com\/fr\/wp-json\/wp\/v2\/posts\/564865","targetHints":{"allow":["GET"]}}],"collection":[{"href":"https:\/\/www.europesays.com\/fr\/wp-json\/wp\/v2\/posts"}],"about":[{"href":"https:\/\/www.europesays.com\/fr\/wp-json\/wp\/v2\/types\/post"}],"author":[{"embeddable":true,"href":"https:\/\/www.europesays.com\/fr\/wp-json\/wp\/v2\/users\/2"}],"replies":[{"embeddable":true,"href":"https:\/\/www.europesays.com\/fr\/wp-json\/wp\/v2\/comments?post=564865"}],"version-history":[{"count":0,"href":"https:\/\/www.europesays.com\/fr\/wp-json\/wp\/v2\/posts\/564865\/revisions"}],"wp:featuredmedia":[{"embeddable":true,"href":"https:\/\/www.europesays.com\/fr\/wp-json\/wp\/v2\/media\/564866"}],"wp:attachment":[{"href":"https:\/\/www.europesays.com\/fr\/wp-json\/wp\/v2\/media?parent=564865"}],"wp:term":[{"taxonomy":"category","embeddable":true,"href":"https:\/\/www.europesays.com\/fr\/wp-json\/wp\/v2\/categories?post=564865"},{"taxonomy":"post_tag","embeddable":true,"href":"https:\/\/www.europesays.com\/fr\/wp-json\/wp\/v2\/tags?post=564865"}],"curies":[{"name":"wp","href":"https:\/\/api.w.org\/{rel}","templated":true}]}}