{"id":564867,"date":"2025-11-28T16:49:13","date_gmt":"2025-11-28T16:49:13","guid":{"rendered":"https:\/\/www.europesays.com\/fr\/564867\/"},"modified":"2025-11-28T16:49:13","modified_gmt":"2025-11-28T16:49:13","slug":"a-1h30-de-lille-lun-des-plus-beaux-marches-de-noel-du-monde-ouvre-ses-portes","status":"publish","type":"post","link":"https:\/\/www.europesays.com\/fr\/564867\/","title":{"rendered":"A 1h30 de Lille, l&rsquo;un des plus beaux march\u00e9s de No\u00ebl du monde ouvre ses portes"},"content":{"rendered":"<p>                    Par<br \/>\n        <strong><br \/>\n            <a href=\"https:\/\/actu.fr\/auteur\/nicolas-demollien\" title=\"Consulter tous les articles de Nicolas Demollien\" target=\"_blank\" rel=\"noopener\">Nicolas Demollien<\/a><br \/>\n                    <\/strong><\/p>\n<p>        Publi\u00e9 le<\/p>\n<p>            28 nov. 2025 \u00e0 17h30        <\/p>\n<p>Il est l\u2019<b>un des plus beaux du monde<\/b> et se trouve seulement <b>\u00e0 1h30<\/b> de <a href=\"https:\/\/actu.fr\/hauts-de-france\/lille_59350\" target=\"_blank\" rel=\"noopener\">Lille<\/a> (Nord). L\u2019<b>incroyable march\u00e9<\/b> de <a href=\"https:\/\/actu.fr\/tag\/noel\" target=\"_blank\" rel=\"noopener\">No\u00ebl<\/a> de <b>Bruxelles<\/b>, en <a href=\"https:\/\/actu.fr\/tag\/belgique\" target=\"_blank\" rel=\"noopener\">Belgique<\/a>, ouvre ses portes ce vendredi 28 novembre 2025. Zoom sur cette <b>nouvelle \u00e9dition des Plaisirs d\u2019hiver<\/b>.<\/p>\n<p>238 chalets \u00e0 Bruxelles, l\u2019un des plus beaux march\u00e9s de No\u00ebl du monde<\/p>\n<p class=\" wall-content\">Pendant cinq semaines, ce sont ainsi <b>238 artisans et commer\u00e7ants<\/b> qui vont ravir les yeux des curieux et affoler les papilles des gourmands.<\/p>\n<p class=\" wall-content\">Au menu, comme chaque ann\u00e9e, c<b>uisines du monde et cr\u00e9ations originales<\/b>. \u00ab\u00a0Repens\u00e9 dans une logique de circulation fluide et de cohabitation harmonieuse, le march\u00e9 s\u2019inscrit pleinement dans la volont\u00e9 de faire dialoguer l\u2019effervescence festive et le quotidien des Bruxellois, tout en valorisant la diversit\u00e9 des savoir-faire et l\u2019esprit d\u2019ouverture qui caract\u00e9risent la capitale\u00a0\u00bb, annoncent les organisateurs.<\/p>\n<p class=\" wall-content\">Voici ce que vous trouverez sur les diff\u00e9rents lieux du march\u00e9.<\/p>\n<p class=\" wall-content\">La place de la Monnaie s\u2019illuminera cette ann\u00e9e avec un <b>nombre accru de chalets<\/b>, proposant mets, cadeaux et animations. \u00ab\u00a0En prolongement de ce site festif, une structure monumentale en upcycling, con\u00e7ue avec le Th\u00e9\u00e2tre Royal de La Monnaie, accueille neuf sapins r\u00e9alis\u00e9s \u00e0 partir de mat\u00e9riaux recycl\u00e9s, chacun repr\u00e9sentant un atelier de confection et refl\u00e9tant le savoir-faire en sc\u00e9nographie et r\u00e9emploi\u00a0\u00bb.<\/p>\n<ul class=\" wall-content\">\n<li data-end=\"3544\"><b data-end=\"2808\">March\u00e9 aux Poissons (ou Vismet)<\/b><\/li>\n<\/ul>\n<p>Votre r\u00e9gion, votre actu !<\/p>\n<p>Recevez chaque jour les infos qui comptent pour vous.<\/p>\n<p>\t<a href=\"https:\/\/actu.fr\/newsletter\" class=\"ac-btn ac-btn--corner ac-btn--medium ac-btn--blue800\" target=\"_blank\" rel=\"noopener\">S&rsquo;incrire<\/a><\/p>\n<p data-end=\"3544\" class=\" wall-content\">Le Vismet ou March\u00e9 aux Poissons, c\u0153ur vivant du march\u00e9 de No\u00ebl, b\u00e9n\u00e9ficie cette ann\u00e9e d\u2019un r\u00e9am\u00e9nagement significatif. Vous y d\u00e9couvrirez des chalets qui proposent des <b>mets sal\u00e9s et sucr\u00e9s, ainsi que des cadeaux originaux<\/b>. Entre deux emplettes, profitez de la Grande Roue, qui offre une vue imprenable sur le march\u00e9. \u00ab\u00a0En plein c\u0153ur de Plaisirs d\u2019Hiver, le Pavillon Stella Artois continue d\u2019accueillir les visiteurs et les visiteuses dans une atmosph\u00e8re conviviale, invitant \u00e0 savourer cette <a href=\"https:\/\/actu.fr\/tag\/biere\" target=\"_blank\" rel=\"noopener\">bi\u00e8re<\/a> locale lors d\u2019un passage devenu incontournable\u00a0\u00bb, sourient les organisateurs.<\/p>\n<p data-end=\"3544\" class=\" wall-content\">\n<p>    <a href=\"https:\/\/www.facebook.com\/plugins\/video.php?height=476&amp;href=https%3A%2F%2Fwww.facebook.com%2Fplaisirsdhiver.winterpret.winterwonders%2Fvideos%2F864882376492981%2F&amp;show_text=true&amp;width=350&amp;t=0\" title=\"Ouvrie le lien\" target=\"_blank\" rel=\"noopener\">Cliquez ici pour visualiser le contenu<\/a><\/p>\n<p data-end=\"3857\" class=\" wall-content\">La <b>patinoire et les pistes de curling<\/b> conservent leur place sur la place De Brouck\u00e8re. L\u2019espace devant le b\u00e2timent administratif accueillera la <b>p\u00eache aux boules<\/b>, qui viendra compl\u00e9ter les activit\u00e9s ludiques du site.<\/p>\n<p class=\" wall-content\">La place de la Bourse m\u00eale saveurs, artisanat et d\u00e9couvertes. Ses chalets offrent un large \u00e9ventail de mets sal\u00e9s et sucr\u00e9s, de boissons festives et de produits artisanaux, pour une <b>halte gourmande<\/b> dans le parcours de Plaisirs d\u2019Hiver.<\/p>\n<p data-end=\"2385\" class=\" wall-content\">La place Sainte-Catherine garde sa formule traditionnelle, avec son incontournable <b>Man\u00e8ge d\u2019Andrea et ses chalets gastronomiques<\/b>.<\/p>\n<p data-end=\"2876\" class=\" wall-content\">Derri\u00e8re l\u2019\u00e9glise Sainte-Catherine, le site de la Tour Noire renforce son identit\u00e9 en tant que lieu incontournable pour les parents et les enfants. Une sc\u00e9nographie sur la <b>th\u00e9matique des sucres d\u2019orge<\/b> conf\u00e8re \u00e0 la zone une atmosph\u00e8re f\u00e9\u00e9rique et reconnaissable.\u00a0<\/p>\n<p data-end=\"3921\" class=\" wall-content\">Le parvis de la chapelle de la Madeleine accueille des <b>chalets d\u2019associations ukrainiennes<\/b>, qui proposeront des sp\u00e9cialit\u00e9s culinaires et des souvenirs de cette r\u00e9gion. Le site de la Bourse illustre aussi la volont\u00e9 de Plaisirs d\u2019Hiver de tisser du lien \u00e0 travers des initiatives solidaires et cr\u00e9atives.<\/p>\n<ul class=\" wall-content\">\n<li data-end=\"4224\"><b>Un mini village de No\u00ebl \u00e0 la place Poelaert<\/b><\/li>\n<\/ul>\n<p class=\" wall-content\">Nich\u00e9e au pied de la Grande Roue, la place Poelaert accueille cette ann\u00e9e un <b>mini village de No\u00ebl au parfum de nouveaut\u00e9<\/b>. \u00ab\u00a0Ce nouvel espace invite les visiteurs et visiteuses \u00e0 faire une pause gourmande dans une atmosph\u00e8re chaleureuse, entre douceurs sucr\u00e9es, boissons r\u00e9confortantes et panorama exceptionnel sur Bruxelles\u00a0\u00bb.<\/p>\n<p class=\" wall-content\">Le site abrite \u00e9galement un espace de collecte de jouets destin\u00e9s aux enfants malades ou d\u00e9favoris\u00e9s, qui seront redistribu\u00e9s par des associations bruxelloises.<\/p>\n<p class=\" wall-content\">Retrouvez le programme complet de l\u2019\u00e9v\u00e9nement sur le site <a href=\"https:\/\/www.plaisirsdhiver.be\/\" target=\"_blank\" rel=\"noopener\">plaisirsdhiver.be<\/a><\/p>\n<p class=\" wall-content\">Personnalisez votre actualit\u00e9 en ajoutant vos villes et m\u00e9dias en favori avec <a href=\"https:\/\/moncompte.actu.fr\" title=\"D\u00e9couvez Mon Actu\" rel=\"nofollow noopener\" data-trk=\"{&quot;cta&quot;:{&quot;action&quot;:&quot;https:\\\/\\\/moncompte.actu.fr&quot;,&quot;category&quot;:&quot;mon compte&quot;,&quot;from&quot;:&quot;article footer&quot;,&quot;name&quot;:&quot;Mon actu&quot;,&quot;type&quot;:&quot;cta&quot;}}\" target=\"_blank\">Mon Actu<\/a>.<\/p>\n","protected":false},"excerpt":{"rendered":"Par Nicolas Demollien Publi\u00e9 le 28 nov. 2025 \u00e0 17h30 Il est l\u2019un des plus beaux du monde&hellip;\n","protected":false},"author":2,"featured_media":564868,"comment_status":"","ping_status":"","sticky":false,"template":"","format":"standard","meta":{"footnotes":""},"categories":[2815],"tags":[1111,11,828,1777,674,1011,27,811,1307,1652,12,15830,25],"class_list":{"0":"post-564867","1":"post","2":"type-post","3":"status-publish","4":"format-standard","5":"has-post-thumbnail","7":"category-lille","8":"tag-actu","9":"tag-actualites","10":"tag-belgique","11":"tag-eu","12":"tag-europe","13":"tag-fr","14":"tag-france","15":"tag-hauts-de-france","16":"tag-lille","17":"tag-loisirs-culture","18":"tag-news","19":"tag-noel","20":"tag-republique-francaise"},"share_on_mastodon":{"url":"https:\/\/pubeurope.com\/@fr\/115628354633336491","error":""},"_links":{"self":[{"href":"https:\/\/www.europesays.com\/fr\/wp-json\/wp\/v2\/posts\/564867","targetHints":{"allow":["GET"]}}],"collection":[{"href":"https:\/\/www.europesays.com\/fr\/wp-json\/wp\/v2\/posts"}],"about":[{"href":"https:\/\/www.europesays.com\/fr\/wp-json\/wp\/v2\/types\/post"}],"author":[{"embeddable":true,"href":"https:\/\/www.europesays.com\/fr\/wp-json\/wp\/v2\/users\/2"}],"replies":[{"embeddable":true,"href":"https:\/\/www.europesays.com\/fr\/wp-json\/wp\/v2\/comments?post=564867"}],"version-history":[{"count":0,"href":"https:\/\/www.europesays.com\/fr\/wp-json\/wp\/v2\/posts\/564867\/revisions"}],"wp:featuredmedia":[{"embeddable":true,"href":"https:\/\/www.europesays.com\/fr\/wp-json\/wp\/v2\/media\/564868"}],"wp:attachment":[{"href":"https:\/\/www.europesays.com\/fr\/wp-json\/wp\/v2\/media?parent=564867"}],"wp:term":[{"taxonomy":"category","embeddable":true,"href":"https:\/\/www.europesays.com\/fr\/wp-json\/wp\/v2\/categories?post=564867"},{"taxonomy":"post_tag","embeddable":true,"href":"https:\/\/www.europesays.com\/fr\/wp-json\/wp\/v2\/tags?post=564867"}],"curies":[{"name":"wp","href":"https:\/\/api.w.org\/{rel}","templated":true}]}}