{"id":56487,"date":"2025-04-27T09:29:12","date_gmt":"2025-04-27T09:29:12","guid":{"rendered":"https:\/\/www.europesays.com\/fr\/56487\/"},"modified":"2025-04-27T09:29:12","modified_gmt":"2025-04-27T09:29:12","slug":"frederic-lopez-fait-de-bouleversantes-confidences-sur-son-enfance-dans-quelle-epoque","status":"publish","type":"post","link":"https:\/\/www.europesays.com\/fr\/56487\/","title":{"rendered":"Fr\u00e9d\u00e9ric Lopez fait de bouleversantes confidences sur son enfance dans Quelle \u00e9poque"},"content":{"rendered":"<p><a data-i13n=\"cpos:1;pos:1\" href=\"https:\/\/fr.style.yahoo.com\/fr%C3%A9d%C3%A9ric-lopez-protecteur-rares-confidences-074314516.html\" data-ylk=\"slk:Fr\u00e9d\u00e9ric Lopez;cpos:1;pos:1;elm:context_link;itc:0;sec:content-canvas;outcm:mb_qualified_link;_E:mb_qualified_link;ct:story;\" class=\"link  yahoo-link\" rel=\"nofollow noopener\" target=\"_blank\">Fr\u00e9d\u00e9ric Lopez <\/a>comme on le voit rarement. Habitu\u00e9 \u00e0 faire parler les c\u00e9l\u00e9brit\u00e9s sur leurs failles et chagrins dans \u00ab\u00a0<a data-i13n=\"cpos:2;pos:1\" href=\"https:\/\/fr.news.yahoo.com\/fr%C3%A9d%C3%A9ric-lopez-prends-lascenseur-deux-133232086.html\" data-ylk=\"slk:La Parenth\u00e8se inattendue;cpos:2;pos:1;elm:context_link;itc:0;sec:content-canvas;outcm:mb_qualified_link;_E:mb_qualified_link;ct:story;\" class=\"link  yahoo-link\" rel=\"nofollow noopener\" target=\"_blank\">La Parenth\u00e8se inattendue<\/a>\u00a0\u00bb sur France 2, samedi 26 avril 2025, l&rsquo;animateur s&rsquo;est laiss\u00e9 aller aux confidences sur le plateau de <a data-i13n=\"cpos:3;pos:1\" href=\"https:\/\/fr.news.yahoo.com\/quelle-epoque-lea-salame-vacances-best-of-christophe-dechavanne-230605097.html\" data-ylk=\"slk:&quot;Quelle \u00e9poque !;cpos:3;pos:1;elm:context_link;itc:0;sec:content-canvas;outcm:mb_qualified_link;_E:mb_qualified_link;ct:story;\" class=\"link  yahoo-link\" rel=\"nofollow noopener\" target=\"_blank\">\u00ab\u00a0Quelle \u00e9poque !<\/a>\u00ab\u00a0. Un moment particuli\u00e8rement \u00e9mouvant.<\/p>\n<p>\u00ab\u00a0Jusqu&rsquo;\u00e0 l&rsquo;\u00e2ge de mes 15 ans j&rsquo;ai v\u00e9cu dans la peur\u00a0\u00bb<\/p>\n<p>Enfant, Fr\u00e9d\u00e9ric Lopez vit pas moins de dix-neuf d\u00e9m\u00e9nagements au gr\u00e9 des mutations professionnelles de son p\u00e8re, un homme avec qui il a alors bien du mal \u00e0 entretenir une relation apais\u00e9e : \u00ab\u00a0Lui n&rsquo;avait connu que la violence. Et forc\u00e9ment, il l&rsquo;a un peu reproduite. Jusqu&rsquo;\u00e0 l&rsquo;\u00e2ge de mes 15 ans o\u00f9 je me suis rebell\u00e9, j&rsquo;ai v\u00e9cu dans la peur\u00a0\u00bb explique-t-il. Les quinze premi\u00e8res ann\u00e9es de sa vie, Fr\u00e9d\u00e9ric Lopez les d\u00e9teste. Enfant non d\u00e9sir\u00e9, il mettra beaucoup de temps \u00e0 accorder le pardon \u00e0 son p\u00e8re, et ce n&rsquo;est pas faute de l&rsquo;avoir longtemps r\u00e9clam\u00e9. Mais apr\u00e8s la col\u00e8re vient la compassion : \u00ab\u00a0Un jour il m&rsquo;a dit : &lsquo;Je suis navr\u00e9 et j&rsquo;ai pardonn\u00e9.'\u00a0\u00bb<\/p>\n<p>\u00ab\u00a0Quand on ne re\u00e7oit pas d&rsquo;affection on n&rsquo;a pas confiance en soi\u00a0\u00bb<\/p>\n<p>\u00ab\u00a0Il y a des petits et des grands enfers\u00a0\u00bb clame Fr\u00e9d\u00e9ric Lopez. Quand il parle de son p\u00e8re, en pr\u00e9ambule il tient absolument \u00e0 le pr\u00e9ciser : \u00ab\u00a0Aujourd&rsquo;hui je m&rsquo;entends tr\u00e8s tr\u00e8s bien avec mon p\u00e8re (&#8230;) c&rsquo;est la personne la plus pr\u00e9venante \u00e0 mon sujet.\u00a0\u00bb Mais cette enfance marqu\u00e9e par la violence laisse des traces. \u00c0 force de se sentir r\u00e9duit, Fr\u00e9d\u00e9ric Lopez a cherch\u00e9 \u00e0 faire quelque chose de ses enfers. \u00ab\u00a0Quand on ne re\u00e7oit pas d&rsquo;affection on n&rsquo;a pas confiance en soi. C&rsquo;est interessant parce qu&rsquo;on va le chercher ailleurs\u00a0\u00bb a-t-il analys\u00e9 sur le plateau de \u00ab\u00a0Quelle \u00e9poque !\u00a0\u00bb.<\/p>\n<p>\u00ab\u00a0Il y a souvent un &lsquo;tant mieux&rsquo; dans un &lsquo;tant pis'\u00a0\u00bb<\/p>\n<p>Lorsqu&rsquo;on lui demande s&rsquo;il nourrit quelques regrets, Fr\u00e9d\u00e9ric Lopez dit n&rsquo;en avoir \u00ab\u00a0aucun\u00a0\u00bb. Philosophe, l&rsquo;animateur de 58 ans pr\u00e9f\u00e8re consid\u00e9rer la vie avec grand optimisme et surtout beaucoup de bienveillance : \u00ab\u00a0La vie m&rsquo;a souvent appris qu&rsquo;il y a souvent un &lsquo;tant mieux&rsquo; dans un &lsquo;tant pis'\u00a0\u00bb. D&rsquo;ailleurs, s&rsquo;il y a bien une phrase que Fr\u00e9d\u00e9ric Lopez adore, c&rsquo;est celle du po\u00e8te Christian Bobin, qui \u00ab\u00a0marche pour 100% d&rsquo;entre nous\u00a0\u00bb : \u00ab\u00a0Quand vous regardez quelqu\u2019un dans les yeux, n\u2019oubliez jamais que cette personne a d\u00e9j\u00e0 travers\u00e9 l\u2019enfer plusieurs fois.\u00a0\u00bb<\/p>\n","protected":false},"excerpt":{"rendered":"Fr\u00e9d\u00e9ric Lopez comme on le voit rarement. Habitu\u00e9 \u00e0 faire parler les c\u00e9l\u00e9brit\u00e9s sur leurs failles et chagrins&hellip;\n","protected":false},"author":2,"featured_media":56488,"comment_status":"","ping_status":"","sticky":false,"template":"","format":"standard","meta":{"footnotes":""},"categories":[1359],"tags":[58,59,1011,27,9481,973],"class_list":{"0":"post-56487","1":"post","2":"type-post","3":"status-publish","4":"format-standard","5":"has-post-thumbnail","7":"category-people","8":"tag-divertissement","9":"tag-entertainment","10":"tag-fr","11":"tag-france","12":"tag-frederic-lopez","13":"tag-people"},"share_on_mastodon":{"url":"https:\/\/pubeurope.com\/@fr\/114409227234887214","error":""},"_links":{"self":[{"href":"https:\/\/www.europesays.com\/fr\/wp-json\/wp\/v2\/posts\/56487","targetHints":{"allow":["GET"]}}],"collection":[{"href":"https:\/\/www.europesays.com\/fr\/wp-json\/wp\/v2\/posts"}],"about":[{"href":"https:\/\/www.europesays.com\/fr\/wp-json\/wp\/v2\/types\/post"}],"author":[{"embeddable":true,"href":"https:\/\/www.europesays.com\/fr\/wp-json\/wp\/v2\/users\/2"}],"replies":[{"embeddable":true,"href":"https:\/\/www.europesays.com\/fr\/wp-json\/wp\/v2\/comments?post=56487"}],"version-history":[{"count":0,"href":"https:\/\/www.europesays.com\/fr\/wp-json\/wp\/v2\/posts\/56487\/revisions"}],"wp:featuredmedia":[{"embeddable":true,"href":"https:\/\/www.europesays.com\/fr\/wp-json\/wp\/v2\/media\/56488"}],"wp:attachment":[{"href":"https:\/\/www.europesays.com\/fr\/wp-json\/wp\/v2\/media?parent=56487"}],"wp:term":[{"taxonomy":"category","embeddable":true,"href":"https:\/\/www.europesays.com\/fr\/wp-json\/wp\/v2\/categories?post=56487"},{"taxonomy":"post_tag","embeddable":true,"href":"https:\/\/www.europesays.com\/fr\/wp-json\/wp\/v2\/tags?post=56487"}],"curies":[{"name":"wp","href":"https:\/\/api.w.org\/{rel}","templated":true}]}}