{"id":564876,"date":"2025-11-28T16:55:27","date_gmt":"2025-11-28T16:55:27","guid":{"rendered":"https:\/\/www.europesays.com\/fr\/564876\/"},"modified":"2025-11-28T16:55:27","modified_gmt":"2025-11-28T16:55:27","slug":"direct-ligue-1-suivez-en-integralite-monaco-psg-sur-ici-paris-ile-de-france","status":"publish","type":"post","link":"https:\/\/www.europesays.com\/fr\/564876\/","title":{"rendered":"DIRECT &#8211; Ligue 1 : suivez en int\u00e9gralit\u00e9 Monaco &#8211; PSG sur ICI Paris \u00cele-de-France"},"content":{"rendered":"<p>Ce samedi pour la 14e journ\u00e9e de Ligue 1, le PSG joue face \u00e0 Monaco. Une affiche sur la french riviera pour le leader de la Ligue 1 qui serait bien inspir\u00e9 de prendre des points face \u00e0 un potentiel adversaire pour le titre. Rencontre \u00e0 suivre sur notre antenne, coup d&rsquo;envoi 17h. <\/p>\n<p>C&rsquo;est une affiche \u00e0 l&rsquo;heure du go\u00fbter qui nous est propos\u00e9 par la ligue de football. Un choc entre \u00e9quipes \u00e9voluant en Ligue des champions cette saison, deux europ\u00e9ens convaincus qui vont se rendre coup pour coup dans cette 14e journ\u00e9e de Ligue 1. Une journ\u00e9e de championnat o\u00f9 le leader est sous pression puisque ses poursuivants Marseille et Lens jouent chez des \u00e9quipes de milieu de tableau (OM \/ Toulouse, Angers \/ Lens).<\/p>\n<p>Monaco &#8211; PSG est \u00e0 suivre en int\u00e9gralit\u00e9 sur l&rsquo;antenne d&rsquo;Ici Paris \u00cele-de-France avec Pia Clemens, Bruno Salomon et Eric Rabesandratana d\u00e8s 17h. L&rsquo;\u00e9quipe PSG vous attend pour \u00e9changer sur la rencontre au 01.42.30.10.10.<\/p>\n<p>loading<\/p>\n<p>loading<\/p>\n","protected":false},"excerpt":{"rendered":"Ce samedi pour la 14e journ\u00e9e de Ligue 1, le PSG joue face \u00e0 Monaco. Une affiche sur&hellip;\n","protected":false},"author":2,"featured_media":564877,"comment_status":"","ping_status":"","sticky":false,"template":"","format":"standard","meta":{"footnotes":""},"categories":[1592],"tags":[1111,11,1777,674,1011,27,662,12,626,25],"class_list":{"0":"post-564876","1":"post","2":"type-post","3":"status-publish","4":"format-standard","5":"has-post-thumbnail","7":"category-ile-de-france","8":"tag-actu","9":"tag-actualites","10":"tag-eu","11":"tag-europe","12":"tag-fr","13":"tag-france","14":"tag-ile-de-france","15":"tag-news","16":"tag-paris","17":"tag-republique-francaise"},"share_on_mastodon":{"url":"https:\/\/pubeurope.com\/@fr\/115628377757726679","error":""},"_links":{"self":[{"href":"https:\/\/www.europesays.com\/fr\/wp-json\/wp\/v2\/posts\/564876","targetHints":{"allow":["GET"]}}],"collection":[{"href":"https:\/\/www.europesays.com\/fr\/wp-json\/wp\/v2\/posts"}],"about":[{"href":"https:\/\/www.europesays.com\/fr\/wp-json\/wp\/v2\/types\/post"}],"author":[{"embeddable":true,"href":"https:\/\/www.europesays.com\/fr\/wp-json\/wp\/v2\/users\/2"}],"replies":[{"embeddable":true,"href":"https:\/\/www.europesays.com\/fr\/wp-json\/wp\/v2\/comments?post=564876"}],"version-history":[{"count":0,"href":"https:\/\/www.europesays.com\/fr\/wp-json\/wp\/v2\/posts\/564876\/revisions"}],"wp:featuredmedia":[{"embeddable":true,"href":"https:\/\/www.europesays.com\/fr\/wp-json\/wp\/v2\/media\/564877"}],"wp:attachment":[{"href":"https:\/\/www.europesays.com\/fr\/wp-json\/wp\/v2\/media?parent=564876"}],"wp:term":[{"taxonomy":"category","embeddable":true,"href":"https:\/\/www.europesays.com\/fr\/wp-json\/wp\/v2\/categories?post=564876"},{"taxonomy":"post_tag","embeddable":true,"href":"https:\/\/www.europesays.com\/fr\/wp-json\/wp\/v2\/tags?post=564876"}],"curies":[{"name":"wp","href":"https:\/\/api.w.org\/{rel}","templated":true}]}}