{"id":564878,"date":"2025-11-28T16:56:12","date_gmt":"2025-11-28T16:56:12","guid":{"rendered":"https:\/\/www.europesays.com\/fr\/564878\/"},"modified":"2025-11-28T16:56:12","modified_gmt":"2025-11-28T16:56:12","slug":"syndicat-interdepartemental-pour-lassainissement-de-lagglomeration-parisienne-le-siaap-devoile-sa-strategie-energetique-aux-assises-du-grand-paris","status":"publish","type":"post","link":"https:\/\/www.europesays.com\/fr\/564878\/","title":{"rendered":"Syndicat Interd\u00e9partemental pour l&rsquo;Assainissement de l&rsquo;Agglom\u00e9ration Parisienne -Le SIAAP d\u00e9voile sa strat\u00e9gie \u00e9nerg\u00e9tique aux Assises du Grand Paris"},"content":{"rendered":"<p><strong>Une strat\u00e9gie \u00e9nerg\u00e9tique pour des installations hors normes<\/strong><\/p>\n<p>Avec 20 000 km de r\u00e9seaux, 6 usines parmi les plus grandes d\u2019Europe et 2,5 milliards de litres d\u2019eaux us\u00e9es trait\u00e9s chaque jour, le SIAAP est un g\u00e9ant de l\u2019assainissement.<\/p>\n<p>Il couvre pr\u00e8s de la moiti\u00e9 de ses besoins \u00e9nerg\u00e9tiques, environ 1,1 TWh\/an, gr\u00e2ce \u00e0 la production de 80 millions de m\u00b3 de <a href=\"http:\/\/www.siaap.fr\/glossaire\/lexique\/B\/#c15\" class=\"dpnglossary link\" target=\"_blank\" rel=\"noopener\">biogaz<\/a> par an.<\/p>\n<p>\u00ab\u00a0Notre trajectoire repose sur trois leviers : r\u00e9duire la consommation, produire plus de biogaz et valoriser notre \u00e9nergie en interne comme \u00e0 l\u2019externe\u00a0\u00bb, a-t-il expliqu\u00e9.<\/p>\n<p><strong>Empreinte carbone : des r\u00e9sultats d\u00e9j\u00e0 visibles<\/strong><\/p>\n<p>Si l\u2019empreinte carbone du SIAAP atteint 700 000 tonnes de CO\u2082 \u00e9quivalent en 2024, la part de l\u2019\u00e9nergie ne repr\u00e9sente que 3 % de ce total, gr\u00e2ce au mix \u00e9lectricit\u00e9 et au <a href=\"http:\/\/www.siaap.fr\/glossaire\/lexique\/B\/#c15\" class=\"dpnglossary link\" target=\"_blank\" rel=\"noopener\">biogaz<\/a>.<\/p>\n<p>\u00ab\u00a0Nous agissons de mani\u00e8re concr\u00e8te\u00a0\u00bb a d\u00e9clar\u00e9 Fran\u00e7ois-Marie DIDIER, \u00ab\u00a0Nous avons int\u00e9gr\u00e9 le crit\u00e8re carbone dans notre Sch\u00e9ma Directeur Industriel. Nous voyons d\u00e9j\u00e0 les r\u00e9sultats avec une baisse de 8 % d\u2019\u00e9missions en quelques ann\u00e9es, alors m\u00eame que les performances sont accrues\u00a0\u00bb<\/p>\n<p><strong><a href=\"https:\/\/intranet.siaap.fr\/accueil\/pratique\/glossaire\/lexique\/D\/#deru\" title=\"Directive europ\u00e9enne relative aux Eaux R\u00e9siduaires Urbaines\" target=\"_blank\" rel=\"noopener\">DERU<\/a>\u00a02 : une r\u00e9volution r\u00e9glementaire<\/strong><\/p>\n<p>Interrog\u00e9 sur l\u2019impact de la nouvelle directive europ\u00e9enne sur le traitement des eaux urbaines (<a href=\"https:\/\/intranet.siaap.fr\/accueil\/pratique\/glossaire\/lexique\/D\/#deru\" title=\"Directive europ\u00e9enne relative aux Eaux R\u00e9siduaires Urbaines\" target=\"_blank\" rel=\"noopener\">DERU<\/a>), le Pr\u00e9sident du SIAAP a rappel\u00e9 qu\u2019il s\u2019agissait d\u2019un moment charni\u00e8re pr\u00e8s de 35 ans apr\u00e8s l\u2019adoption de la DERU1 en 1991. Le secteur entre dans une nouvelle \u00e8re en mati\u00e8re de performance mais \u00e9galement d\u2019investissement.\u00a0<\/p>\n<p>Les nouvelles exigences en mati\u00e8re de collecte, de traitement de l\u2019azote et du phosphore et de traitement des micropolluants vont n\u00e9cessiter des investissements suppl\u00e9mentaires cons\u00e9quents, estim\u00e9s de 1 \u00e0 2 milliards suppl\u00e9mentaires sur les 20 prochaines ann\u00e9es.<\/p>\n<p>L\u2019occasion \u00e9galement de rappeler que \u00ab\u00a0le secteur de l\u2019assainissement n\u2019ira pas vers la neutralit\u00e9 \u00e9nerg\u00e9tique seul. Il avancera avec les distributeurs de gaz pour valoriser le biogaz et avec les territoires pour valoriser la chaleur\u00a0\u00bb.<\/p>\n","protected":false},"excerpt":{"rendered":"Une strat\u00e9gie \u00e9nerg\u00e9tique pour des installations hors normes Avec 20 000 km de r\u00e9seaux, 6 usines parmi les&hellip;\n","protected":false},"author":2,"featured_media":382773,"comment_status":"","ping_status":"","sticky":false,"template":"","format":"standard","meta":{"footnotes":""},"categories":[1888],"tags":[1111,1928,11,1927,1777,674,1011,27,12,1926,626,1925,25],"class_list":{"0":"post-564878","1":"post","2":"type-post","3":"status-publish","4":"format-standard","5":"has-post-thumbnail","7":"category-paris","8":"tag-actu","9":"tag-actu-paris","10":"tag-actualites","11":"tag-actualites-paris","12":"tag-eu","13":"tag-europe","14":"tag-fr","15":"tag-france","16":"tag-news","17":"tag-news-paris","18":"tag-paris","19":"tag-paris-news","20":"tag-republique-francaise"},"share_on_mastodon":{"url":"https:\/\/pubeurope.com\/@fr\/115628381663745628","error":""},"_links":{"self":[{"href":"https:\/\/www.europesays.com\/fr\/wp-json\/wp\/v2\/posts\/564878","targetHints":{"allow":["GET"]}}],"collection":[{"href":"https:\/\/www.europesays.com\/fr\/wp-json\/wp\/v2\/posts"}],"about":[{"href":"https:\/\/www.europesays.com\/fr\/wp-json\/wp\/v2\/types\/post"}],"author":[{"embeddable":true,"href":"https:\/\/www.europesays.com\/fr\/wp-json\/wp\/v2\/users\/2"}],"replies":[{"embeddable":true,"href":"https:\/\/www.europesays.com\/fr\/wp-json\/wp\/v2\/comments?post=564878"}],"version-history":[{"count":0,"href":"https:\/\/www.europesays.com\/fr\/wp-json\/wp\/v2\/posts\/564878\/revisions"}],"wp:featuredmedia":[{"embeddable":true,"href":"https:\/\/www.europesays.com\/fr\/wp-json\/wp\/v2\/media\/382773"}],"wp:attachment":[{"href":"https:\/\/www.europesays.com\/fr\/wp-json\/wp\/v2\/media?parent=564878"}],"wp:term":[{"taxonomy":"category","embeddable":true,"href":"https:\/\/www.europesays.com\/fr\/wp-json\/wp\/v2\/categories?post=564878"},{"taxonomy":"post_tag","embeddable":true,"href":"https:\/\/www.europesays.com\/fr\/wp-json\/wp\/v2\/tags?post=564878"}],"curies":[{"name":"wp","href":"https:\/\/api.w.org\/{rel}","templated":true}]}}