{"id":564879,"date":"2025-11-28T16:57:15","date_gmt":"2025-11-28T16:57:15","guid":{"rendered":"https:\/\/www.europesays.com\/fr\/564879\/"},"modified":"2025-11-28T16:57:15","modified_gmt":"2025-11-28T16:57:15","slug":"critiquee-par-larcom-rsf-maintient-son-enquete-sur-cnews","status":"publish","type":"post","link":"https:\/\/www.europesays.com\/fr\/564879\/","title":{"rendered":"Critiqu\u00e9e par l\u2019Arcom, RSF maintient son enqu\u00eate sur CNews"},"content":{"rendered":"<p>                     <img loading=\"lazy\" decoding=\"async\" src=\"https:\/\/www.europesays.com\/fr\/wp-content\/uploads\/2025\/11\/173bd89_upload-1-1ezoazrpoc4l-capture-d-e-cran-2025-11-26-a-10-07-20-copie.jpg\" alt=\"\"   width=\"664\" height=\"443\"\/>      RSF                 <\/p>\n<p class=\"article__paragraph  \">En catastrophe, jeudi 27\u00a0novembre en fin de journ\u00e9e, les \u00e9quipes de Compl\u00e9ment d\u2019enqu\u00eate ont pris une d\u00e9cision d\u00e9sagr\u00e9able\u00a0: couper une quarantaine de secondes dans le sujet <a href=\"https:\/\/www.lemonde.fr\/culture\/article\/2025\/11\/26\/complement-d-enquete-sur-france-2-cnews-passee-au-crible-entre-desinformation-obsession-migratoire-manque-de-pluralisme_6654955_3246.html\" target=\"_blank\" rel=\"noopener\">\u00ab\u00a0Des infos ou d\u00e9sinfo\u00a0? La m\u00e9thode CNews\u00a0\u00bb, diffus\u00e9 sur France 2 le soir m\u00eame<\/a>.<\/p>\n<p class=\"article__paragraph  \">Un passage tr\u00e8s bref, mais \u00e0 l\u2019origine d\u2019une pol\u00e9mique retentissante sur le r\u00e9seau X apr\u00e8s que le magazine Le Point a mis un article en ligne dans lequel l\u2019Autorit\u00e9 de r\u00e9gulation de la communication audiovisuelle et num\u00e9rique (Arcom) conteste certaines conclusions d\u2019une enqu\u00eate men\u00e9e par Reporters sans fronti\u00e8res (RSF) \u00e0 propos de CNews, r\u00e9v\u00e9l\u00e9e le 26\u00a0novembre. Par prudence, mais aussi parce que le temps manquait pour tourner une s\u00e9quence dans laquelle l\u2019Arcom ferait valoir son point de vue, France 2 et l\u2019\u00e9quipe du magazine d\u2019investigation ont pr\u00e9f\u00e9r\u00e9 faire dispara\u00eetre les quelques secondes de la discorde.<\/p>\n<p class=\"article__paragraph  \">Il ne fallait pourtant pas \u00eatre grand clerc pour deviner que le r\u00e9gulateur n\u2019endosserait pas un r\u00e9sultat mettant au jour un \u00ab\u00a0pluralisme en trompe-l\u2019\u0153il et un contournement manifeste de l\u2019esprit de la loi\u00a0\u00bb (l\u2019enqu\u00eate de RSF d\u00e9montre par exemple que CNews a diffus\u00e9, en mars, <a href=\"https:\/\/www.lemonde.fr\/economie\/article\/2025\/11\/26\/pluralisme-de-l-information-reporters-sans-frontieres-confronte-cnews-a-ses-manquements_6654871_3234.html\" target=\"_blank\" rel=\"noopener\">des \u00ab\u00a0tunnels\u00a0\u00bb de discours de gauche la nuit<\/a>, pour r\u00e9\u00e9quilibrer les temps de parole), qu\u2019il n\u2019avait pas lui-m\u00eame \u00e9tabli. Le travail de l\u2019ONG \u00e9tant circonscrit au mois de mars, si l\u2019Arcom avait eu des reproches \u00e0 faire \u00e0 CNews, il les lui aurait adress\u00e9s depuis longtemps.<\/p>\n<p class=\"reading-mode-only \"><strong>Il vous reste 58.41% de cet article \u00e0 lire. La suite est r\u00e9serv\u00e9e aux abonn\u00e9s.<\/strong><\/p>\n","protected":false},"excerpt":{"rendered":"RSF En catastrophe, jeudi 27\u00a0novembre en fin de journ\u00e9e, les \u00e9quipes de Compl\u00e9ment d\u2019enqu\u00eate ont pris une d\u00e9cision&hellip;\n","protected":false},"author":2,"featured_media":564880,"comment_status":"","ping_status":"","sticky":false,"template":"","format":"standard","meta":{"footnotes":""},"categories":[1888],"tags":[1111,1928,11,1927,1777,674,1011,27,12,1926,626,1925,25],"class_list":{"0":"post-564879","1":"post","2":"type-post","3":"status-publish","4":"format-standard","5":"has-post-thumbnail","7":"category-paris","8":"tag-actu","9":"tag-actu-paris","10":"tag-actualites","11":"tag-actualites-paris","12":"tag-eu","13":"tag-europe","14":"tag-fr","15":"tag-france","16":"tag-news","17":"tag-news-paris","18":"tag-paris","19":"tag-paris-news","20":"tag-republique-francaise"},"share_on_mastodon":{"url":"https:\/\/pubeurope.com\/@fr\/115628386759838412","error":""},"_links":{"self":[{"href":"https:\/\/www.europesays.com\/fr\/wp-json\/wp\/v2\/posts\/564879","targetHints":{"allow":["GET"]}}],"collection":[{"href":"https:\/\/www.europesays.com\/fr\/wp-json\/wp\/v2\/posts"}],"about":[{"href":"https:\/\/www.europesays.com\/fr\/wp-json\/wp\/v2\/types\/post"}],"author":[{"embeddable":true,"href":"https:\/\/www.europesays.com\/fr\/wp-json\/wp\/v2\/users\/2"}],"replies":[{"embeddable":true,"href":"https:\/\/www.europesays.com\/fr\/wp-json\/wp\/v2\/comments?post=564879"}],"version-history":[{"count":0,"href":"https:\/\/www.europesays.com\/fr\/wp-json\/wp\/v2\/posts\/564879\/revisions"}],"wp:featuredmedia":[{"embeddable":true,"href":"https:\/\/www.europesays.com\/fr\/wp-json\/wp\/v2\/media\/564880"}],"wp:attachment":[{"href":"https:\/\/www.europesays.com\/fr\/wp-json\/wp\/v2\/media?parent=564879"}],"wp:term":[{"taxonomy":"category","embeddable":true,"href":"https:\/\/www.europesays.com\/fr\/wp-json\/wp\/v2\/categories?post=564879"},{"taxonomy":"post_tag","embeddable":true,"href":"https:\/\/www.europesays.com\/fr\/wp-json\/wp\/v2\/tags?post=564879"}],"curies":[{"name":"wp","href":"https:\/\/api.w.org\/{rel}","templated":true}]}}