{"id":564881,"date":"2025-11-28T16:58:17","date_gmt":"2025-11-28T16:58:17","guid":{"rendered":"https:\/\/www.europesays.com\/fr\/564881\/"},"modified":"2025-11-28T16:58:17","modified_gmt":"2025-11-28T16:58:17","slug":"en-seine-saint-denis-la-ligne-13-du-metro-sera-fermee-en-partie-pendant-lete-2026","status":"publish","type":"post","link":"https:\/\/www.europesays.com\/fr\/564881\/","title":{"rendered":"En Seine-Saint-Denis, la ligne 13 du m\u00e9tro sera ferm\u00e9e en partie pendant l\u2019\u00e9t\u00e9 2026"},"content":{"rendered":"<p class=\"paragraph text_align_left lp-f-body-02\">La t\u00e2che est immense. D\u2019ici 2035, <a href=\"https:\/\/www.leparisien.fr\/info-paris-ile-de-france-oise\/transports\/ce-chantier-cest-un-marathon-la-ligne-13-du-metro-parisien-en-route-vers-lautomatisation-25-07-2025-M6M2ISODPZB4ZOZIP4N3T2LKCE.php\" target=\"_self\" rel=\"noopener\">la ligne 13 du m\u00e9tro parisien doit \u00eatre enti\u00e8rement automatis\u00e9e<\/a>. Une r\u00e9volution qui s\u2019accompagne de son lot de travaux, indispensables. Sur ce point l\u2019ann\u00e9e 2026 sera particuli\u00e8rement charg\u00e9e.<\/p>\n<p class=\"paragraph text_align_left lp-f-body-02\">Ce sera notamment le cas l\u2019\u00e9t\u00e9, o\u00f9 la ligne sera interrompue sur sa partie nord, sur la branche entre Saint-Denis Universit\u00e9 <a href=\"https:\/\/www.leparisien.fr\/seine-saint-denis-93\/\" target=\"_self\" rel=\"noopener\">(Seine-Saint-Denis)<\/a>, terminus de la ligne, et Porte de Saint-Ouen <a href=\"https:\/\/www.leparisien.fr\/paris-75\/paris-75017\/\" target=\"_self\" rel=\"noopener\">(XVIIe\u00a0arrondissement)<\/a>, pendant 18 jours, du 31\u00a0juillet au 17\u00a0ao\u00fbt. Ainsi, ce sont sept arr\u00eats qui ne seront pas desservis.<\/p>\n<p><img decoding=\"async\" class=\"image \" loading=\"lazy\" src=\"https:\/\/www.europesays.com\/fr\/wp-content\/uploads\/2025\/11\/JS6IIESHO5D7HNAFQXNIS4QRUY.jpg\" alt=\"\" align=\"\" data-rubrique-principale=\"\" data-article-type=\"\" fetchpriority=\"auto\"\/><\/p>\n<p class=\"paragraph text_align_left lp-f-body-02\">Il s\u2019agit des arr\u00eats Saint-Denis Universit\u00e9 (tramway T5), Basilique de Saint-Denis (tramways T1 et T5), Saint-Denis Porte de Paris (tramway T8), Carrefour Pleyel (m\u00e9tro 14), Mairie de Saint-Ouen (m\u00e9tro 14), Garibaldi et Porte de Saint-Ouen (tramway T3b).<\/p>\n<p>Porte de Vanves ferm\u00e9e quatre jours<\/p>\n<p class=\"paragraph text_align_left lp-f-body-02\">Au milieu de cette interruption, un autre arr\u00eat de la ligne sera \u00e9galement ferm\u00e9 pendant plusieurs jours. Du\u00a06 au 9\u00a0ao\u00fbt, aucun train ne marquera l\u2019arr\u00eat \u00e0 la station porte de Vanves <a href=\"https:\/\/www.leparisien.fr\/paris-75\/paris-75014\/\" target=\"_self\" rel=\"noopener\">(XIVe\u00a0arrondissement)<\/a>. Aussi, la ligne sera enti\u00e8rement ferm\u00e9e les 2, 16 et 30\u00a0ao\u00fbt au matin.<\/p>\n<p class=\"paragraph text_align_left lp-f-body-02\">Plus t\u00f4t dans l\u2019ann\u00e9e, la ligne 13 conna\u00eetra d\u2019autres perturbations. Le week-end du 28\u00a0f\u00e9vrier, elle sera ferm\u00e9e entre Asni\u00e8res-Gennevilliers Les Courtilles (Hauts-de-Seine) et <a href=\"https:\/\/www.leparisien.fr\/paris-75\/la-station-de-metro-la-plus-laide-de-paris-va-enfin-retrouver-son-aspect-dorigine-27-03-2025-E7PPLQYQNBGYVO26H2U4MXSXX4.php\" target=\"_self\" rel=\"noopener\">La Fourche<\/a> (XVIIe et XVIIIe) et la station Plaisance (XIVe) sera ferm\u00e9e entre le 9 et le 12\u00a0avril. Enfin, la ligne sera totalement ferm\u00e9e jusqu\u2019\u00e0 midi plusieurs dimanches, \u00e0 savoir les 15 et 29\u00a0mars, les 3 et 17\u00a0mai et les 7 et 28\u00a0juin.<\/p>\n","protected":false},"excerpt":{"rendered":"La t\u00e2che est immense. D\u2019ici 2035, la ligne 13 du m\u00e9tro parisien doit \u00eatre enti\u00e8rement automatis\u00e9e. Une r\u00e9volution&hellip;\n","protected":false},"author":2,"featured_media":564882,"comment_status":"","ping_status":"","sticky":false,"template":"","format":"standard","meta":{"footnotes":""},"categories":[1888],"tags":[11,1777,674,1011,27,1944,12,626,25,2382],"class_list":{"0":"post-564881","1":"post","2":"type-post","3":"status-publish","4":"format-standard","5":"has-post-thumbnail","7":"category-paris","8":"tag-actualites","9":"tag-eu","10":"tag-europe","11":"tag-fr","12":"tag-france","13":"tag-ma-ville","14":"tag-news","15":"tag-paris","16":"tag-republique-francaise","17":"tag-transport-idf-oise"},"share_on_mastodon":{"url":"https:\/\/pubeurope.com\/@fr\/115628391956063841","error":""},"_links":{"self":[{"href":"https:\/\/www.europesays.com\/fr\/wp-json\/wp\/v2\/posts\/564881","targetHints":{"allow":["GET"]}}],"collection":[{"href":"https:\/\/www.europesays.com\/fr\/wp-json\/wp\/v2\/posts"}],"about":[{"href":"https:\/\/www.europesays.com\/fr\/wp-json\/wp\/v2\/types\/post"}],"author":[{"embeddable":true,"href":"https:\/\/www.europesays.com\/fr\/wp-json\/wp\/v2\/users\/2"}],"replies":[{"embeddable":true,"href":"https:\/\/www.europesays.com\/fr\/wp-json\/wp\/v2\/comments?post=564881"}],"version-history":[{"count":0,"href":"https:\/\/www.europesays.com\/fr\/wp-json\/wp\/v2\/posts\/564881\/revisions"}],"wp:featuredmedia":[{"embeddable":true,"href":"https:\/\/www.europesays.com\/fr\/wp-json\/wp\/v2\/media\/564882"}],"wp:attachment":[{"href":"https:\/\/www.europesays.com\/fr\/wp-json\/wp\/v2\/media?parent=564881"}],"wp:term":[{"taxonomy":"category","embeddable":true,"href":"https:\/\/www.europesays.com\/fr\/wp-json\/wp\/v2\/categories?post=564881"},{"taxonomy":"post_tag","embeddable":true,"href":"https:\/\/www.europesays.com\/fr\/wp-json\/wp\/v2\/tags?post=564881"}],"curies":[{"name":"wp","href":"https:\/\/api.w.org\/{rel}","templated":true}]}}