{"id":564887,"date":"2025-11-28T17:01:19","date_gmt":"2025-11-28T17:01:19","guid":{"rendered":"https:\/\/www.europesays.com\/fr\/564887\/"},"modified":"2025-11-28T17:01:19","modified_gmt":"2025-11-28T17:01:19","slug":"zelensky-limoge-son-bras-droit-apres-des-perquisitions-anticorruption","status":"publish","type":"post","link":"https:\/\/www.europesays.com\/fr\/564887\/","title":{"rendered":"Zelensky limoge son bras droit apr\u00e8s des perquisitions anticorruption"},"content":{"rendered":"<p>Le pr\u00e9sident <strong><a href=\"https:\/\/www.laprovence.com\/article\/france-monde\/23776255867146\/ukraine-il-y-a-enfin-une-chance-de-realiser-de-vrais-progres-vers-une-bonne-paix-affirme-emmanuel-macron\" target=\"_blank\" rel=\"noopener\">Volodymyr Zelensky<\/a> a limog\u00e9 ce vendredi<\/strong> son chef de cabinet,<strong> Andri\u00ef Iermak<\/strong>, consid\u00e9r\u00e9 comme son bras droit et l&rsquo;un des hommes les plus influents d&rsquo;Ukraine, apr\u00e8s la perquisition de son logement par les enqu\u00eateurs de l&rsquo;agence anticorruption.<\/p>\n<p>Cette d\u00e9mission, qui risque de d\u00e9stabiliser la pr\u00e9sidence, arrive \u00e0 un moment tr\u00e8s difficile pour l&rsquo;Ukraine, alors que ses soldats sont \u00e0 la peine sur le front et qu&rsquo;elle n\u00e9gocie avec les \u00c9tats-Unis sur un plan visant \u00e0 mettre fin \u00e0 quatre ans de guerre avec la Russie.<\/p>\n<p>\u00c2g\u00e9 de 54 ans, Andri\u00ef Iermak \u00e9tait justement <strong>\u00e0 la t\u00eate de la d\u00e9l\u00e9gation ukrainienne pour ces pourparlers<\/strong> et l&rsquo;un des membres les plus importants de l&rsquo;\u00e9quipe du <a href=\"https:\/\/www.laprovence.com\/article\/france-monde\/27174006095574\/le-plan-americain-pourrait-prendre-en-compte-les-perspectives-ukrainiennes-selon-volodymyr-zelensky\" target=\"_blank\" rel=\"noopener\">pr\u00e9sident Zelensky<\/a>. Sa d\u00e9mission intervient deux semaines apr\u00e8s la r\u00e9v\u00e9lation d&rsquo;un scandale de corruption d&rsquo;ampleur dans le secteur \u00e9nerg\u00e9tique, d\u00e9j\u00e0 mis \u00e0 mal par les bombardements russes.<\/p>\n<p>\u00ab\u00a0Le chef du cabinet, Andri\u00ef Iermak, a pr\u00e9sent\u00e9 sa d\u00e9mission\u00a0\u00bb, a annonc\u00e9<strong> <\/strong>Volodymyr Zelensky dans son message quotidien \u00e0 la population diffus\u00e9 sur les r\u00e9seaux sociaux, le remerciant d&rsquo;avoir \u00ab\u00a0toujours repr\u00e9sent\u00e9 la position de l&rsquo;Ukraine\u00a0\u00bb et \u00ab\u00a0toujours adopt\u00e9 une position patriotique\u00a0\u00bb.<\/p>\n<p>Il a pr\u00e9cis\u00e9 qu&rsquo;il s&rsquo;entretiendrait samedi avec les personnes susceptibles de remplacer Andr\u00efi Iermak \u00e0 la t\u00eate de la pr\u00e9sidence. Un d\u00e9cret de Volodymyr<strong> <\/strong>Zelensky a valid\u00e9 dans la foul\u00e9e sa d\u00e9mission.\u00a0Le pr\u00e9sident a appel\u00e9 les Ukrainiens \u00e0 \u00ab\u00a0ne pas perdre (leur) unit\u00e9\u00a0\u00bb, alors que de nombreuses voix s&rsquo;interrogeaient depuis quatre ans sur l&rsquo;influence croissante d&rsquo;Andr\u00ef Iermak sur le pr\u00e9sident, qualifi\u00e9s par certains d'\u00a0\u00bbhypnotique\u00a0\u00bb, et sur son contr\u00f4le des acc\u00e8s \u00e0 Volodymyr<strong> <\/strong>Zelensky.<\/p>\n<p>Dans la matin\u00e9e, l&rsquo;agence anticorruption ukrainienne (NABU) et le parquet sp\u00e9cialis\u00e9 dans ces affaires (SAP) avaient men\u00e9 des perquisitions au domicile d&rsquo;Andri\u00ef Iermak, sans pr\u00e9ciser pour quelle raison.\u00a0Andr\u00efi Iermak, nomm\u00e9 \u00e0 la pr\u00e9sidence en 2020, deux ans avant le d\u00e9but de l&rsquo;invasion russe de l&rsquo;Ukraine, avait confirm\u00e9 ces fouilles et assur\u00e9 coop\u00e9rer \u00ab\u00a0pleinement\u00a0\u00bb avec les enqu\u00eateurs.<\/p>\n<p>Ces perquisitions sont li\u00e9es, selon des d\u00e9put\u00e9s d&rsquo;opposition, \u00e0 l&rsquo;un des pires scandales de corruption de la pr\u00e9sidence Zelensky, qui avait men\u00e9 d\u00e9but novembre \u00e0 la destitution de deux ministres et \u00e0 plusieurs arrestations. Le NABU avait alors mis au jour un \u00ab\u00a0syst\u00e8me criminel\u00a0\u00bb, orchestr\u00e9 selon les enqu\u00eateurs par un proche du pr\u00e9sident, qui a permis de d\u00e9tourner environ 86 millions d&rsquo;euros dans le secteur \u00e9nerg\u00e9tique.<\/p>\n","protected":false},"excerpt":{"rendered":"Le pr\u00e9sident Volodymyr Zelensky a limog\u00e9 ce vendredi son chef de cabinet, Andri\u00ef Iermak, consid\u00e9r\u00e9 comme son bras&hellip;\n","protected":false},"author":2,"featured_media":564888,"comment_status":"","ping_status":"","sticky":false,"template":"","format":"standard","meta":{"footnotes":""},"categories":[1590],"tags":[17,11,19774,6084,1777,674,329,1146,43304,12,3711,220,6746],"class_list":{"0":"post-564887","1":"post","2":"type-post","3":"status-publish","4":"format-standard","5":"has-post-thumbnail","7":"category-ukraine","8":"tag-17","9":"tag-actualites","10":"tag-bras","11":"tag-droit","12":"tag-eu","13":"tag-europe","14":"tag-france-monde","15":"tag-guerre","16":"tag-limoge","17":"tag-news","18":"tag-son","19":"tag-ukraine","20":"tag-zelensky"},"share_on_mastodon":{"url":"https:\/\/pubeurope.com\/@fr\/115628401407405758","error":""},"_links":{"self":[{"href":"https:\/\/www.europesays.com\/fr\/wp-json\/wp\/v2\/posts\/564887","targetHints":{"allow":["GET"]}}],"collection":[{"href":"https:\/\/www.europesays.com\/fr\/wp-json\/wp\/v2\/posts"}],"about":[{"href":"https:\/\/www.europesays.com\/fr\/wp-json\/wp\/v2\/types\/post"}],"author":[{"embeddable":true,"href":"https:\/\/www.europesays.com\/fr\/wp-json\/wp\/v2\/users\/2"}],"replies":[{"embeddable":true,"href":"https:\/\/www.europesays.com\/fr\/wp-json\/wp\/v2\/comments?post=564887"}],"version-history":[{"count":0,"href":"https:\/\/www.europesays.com\/fr\/wp-json\/wp\/v2\/posts\/564887\/revisions"}],"wp:featuredmedia":[{"embeddable":true,"href":"https:\/\/www.europesays.com\/fr\/wp-json\/wp\/v2\/media\/564888"}],"wp:attachment":[{"href":"https:\/\/www.europesays.com\/fr\/wp-json\/wp\/v2\/media?parent=564887"}],"wp:term":[{"taxonomy":"category","embeddable":true,"href":"https:\/\/www.europesays.com\/fr\/wp-json\/wp\/v2\/categories?post=564887"},{"taxonomy":"post_tag","embeddable":true,"href":"https:\/\/www.europesays.com\/fr\/wp-json\/wp\/v2\/tags?post=564887"}],"curies":[{"name":"wp","href":"https:\/\/api.w.org\/{rel}","templated":true}]}}