{"id":564898,"date":"2025-11-28T17:07:13","date_gmt":"2025-11-28T17:07:13","guid":{"rendered":"https:\/\/www.europesays.com\/fr\/564898\/"},"modified":"2025-11-28T17:07:13","modified_gmt":"2025-11-28T17:07:13","slug":"une-journaliste-italienne-agressee-a-roubaix-pendant-un-reportage-sur-une-boucherie-halal","status":"publish","type":"post","link":"https:\/\/www.europesays.com\/fr\/564898\/","title":{"rendered":"une journaliste italienne agress\u00e9e \u00e0 Roubaix pendant un reportage sur une boucherie halal"},"content":{"rendered":"<p>\n    <strong>INFO LE FIGARO<\/strong> &#8211; Une journaliste de la cha\u00eene italienne Rete 4 a port\u00e9 plainte apr\u00e8s avoir \u00e9t\u00e9 retenue contre son gr\u00e9 et menac\u00e9e physiquement par un commer\u00e7ant et son fils, dans une boucherie halal de Roubaix. Le propri\u00e9taire lui reproche d\u2019avoir film\u00e9 dans le magasin sans son autorisation, pour un reportage sur l\u2019islam en France.<\/p>\n<p class=\"fig-paragraph\">\u00c0 la suite\u00a0<a href=\"https:\/\/video.lefigaro.fr\/figaro\/francois-kraus-44-des-musulmans-privilegieront-le-respect-des-regles-de-l-islam-aux-lois-francaises-20251118\" data-fig-type=\"Video\" data-gtm-custom-categorie=\"navigation\" data-gtm-custom-action=\"crossclick\" data-gtm-custom-label=\"Contextuel\" data-gtm-event=\"customEventSPE\" data-fig-domain=\"LEFIGARO\" target=\"_blank\" rel=\"noopener\">du sondage Ifop<\/a>\u00a0r\u00e9v\u00e9lant la pr\u00e9occupante mont\u00e9e de l\u2019islam radical en France, la cha\u00eene de t\u00e9l\u00e9vision italienne Rete 4, du groupe Mediaset, avait d\u00e9p\u00each\u00e9 cette semaine \u00e0 Roubaix une \u00e9quipe de journalistes pour r\u00e9aliser un reportage sur l\u2019islam de France. Mais alors qu\u2019elle interrogeait en cam\u00e9ra cach\u00e9e des commer\u00e7ants dans des boucheries halal, la journaliste Costanza Tosi dit avoir \u00e9t\u00e9 retenue contre son gr\u00e9 et menac\u00e9e physiquement par un boucher et son fils, \u00e0 l\u2019int\u00e9rieur d\u2019un commerce de la rue de Lannoy, ce mercredi 26 novembre.<\/p>\n<p class=\"fig-paragraph\">Le choix de cette rue ne doit rien au hasard\u00a0: la rue de Lannoy avait d\u00e9j\u00e0 fait l\u2019objet d\u2019<a href=\"http:\/\/www.lefigaro.fr\/vox\/societe\/le-reportage-de-zone-interdite-a-roubaix-une-nouvelle-preuve-qu-il-faut-rehabiliter-l-assimilation-20220127\" data-fig-type=\"Article\" data-gtm-custom-categorie=\"navigation\" data-gtm-custom-action=\"crossclick\" data-gtm-custom-label=\"Contextuel\" data-gtm-event=\"customEventSPE\" data-fig-domain=\"LEFIGARO\" target=\"_blank\" rel=\"noopener\">un num\u00e9ro de l\u2019\u00e9mission \u00abZone interdite\u00bb sur M6 en 2022<\/a>, et \u00e9tait d\u00e9crite alors comme une zone d\u2019influence du \u00abs\u00e9paratisme\u00bb islamiste. \u00abJe suis sp\u00e9cialiste des sujets li\u00e9s \u00e0 l\u2019islam radical et j\u2019ai d\u00e9j\u00e0 tourn\u00e9 des reportages dans la banlieue de Lyon et de Marseille\u00bb, indique la journaliste de l\u2019\u00e9mission \u00abFuori dal Coro\u00bb, un talk-show politique pr\u00e9sent\u00e9 par\u2026<\/p>\n<p class=\"fig-premium-paywall__infos\">\n        Cet article est r\u00e9serv\u00e9 aux abonn\u00e9s.        Il vous reste 75% \u00e0 d\u00e9couvrir.\n    <\/p>\n<p>                <img  data- alt=\"Le Figaro\" class=\"fig-img--complete fig-img\"\/><\/p>\n<p class=\"fig-premium-paywall__title\">Black Friday : derniers jours<\/p>\n<p class=\"fig-premium-paywall__subtitle\">-70% sur l&rsquo;abonnement num\u00e9rique<\/p>\n<p class=\"fig-premium-paywall__connect\">\n                D\u00e9j\u00e0 abonn\u00e9\u00a0?                <a class=\"fig-premium-paywall__connect-link\" href=\"https:\/\/connect.lefigaro.fr\/login?client=horizon_web&amp;type=main&amp;redirect_uri=https%3A%2F%2Fwww.lefigaro.fr%2Factualite-france%2Fils-m-ont-sequestree-une-journaliste-italienne-agressee-a-roubaix-pendant-un-reportage-sur-une-boucherie-halal-20251128\" data-js-gtm=\"{&quot;customCategorie&quot;: &quot;conversion&quot;, &quot;customAction&quot;: &quot;before_Landing_Connexion_paywall_auto&quot;, &quot;customLabel&quot;: &quot;bGVmaWdhcm8uZnJfXzFmMGNjNTgyLWFhNDYtNjQyNC1hNTViLTE3M2I1MWZhYzg1OV9fQXJ0aWNsZQ==_\u00abIls m\u2019ont s\u00e9questr\u00e9e\u00bb\u00a0: une journaliste italienne agress\u00e9e \u00e0 Roubaix pendant un reportage sur une boucherie halal_451&quot;, &quot;customIDSPE&quot;: &quot;bGVmaWdhcm8uZnJfXzFmMGNjNTgyLWFhNDYtNjQyNC1hNTViLTE3M2I1MWZhYzg1OV9fQXJ0aWNsZQ==&quot;, &quot;event&quot;: &quot;customEventSPE&quot;}\" target=\"_blank\" rel=\"noopener\"><br \/>\n                    Connectez-vous<br \/>\n                <\/a>\n            <\/p>\n","protected":false},"excerpt":{"rendered":"INFO LE FIGARO &#8211; Une journaliste de la cha\u00eene italienne Rete 4 a port\u00e9 plainte apr\u00e8s avoir \u00e9t\u00e9&hellip;\n","protected":false},"author":2,"featured_media":564899,"comment_status":"","ping_status":"","sticky":false,"template":"","format":"standard","meta":{"footnotes":""},"categories":[2],"tags":[11,1011,27,7376,5318,12,25,7940],"class_list":{"0":"post-564898","1":"post","2":"type-post","3":"status-publish","4":"format-standard","5":"has-post-thumbnail","7":"category-actualites","8":"tag-actualites","9":"tag-fr","10":"tag-france","11":"tag-halal","12":"tag-islam","13":"tag-news","14":"tag-republique-francaise","15":"tag-roubaix"},"share_on_mastodon":{"url":"https:\/\/pubeurope.com\/@fr\/115628425015215096","error":""},"_links":{"self":[{"href":"https:\/\/www.europesays.com\/fr\/wp-json\/wp\/v2\/posts\/564898","targetHints":{"allow":["GET"]}}],"collection":[{"href":"https:\/\/www.europesays.com\/fr\/wp-json\/wp\/v2\/posts"}],"about":[{"href":"https:\/\/www.europesays.com\/fr\/wp-json\/wp\/v2\/types\/post"}],"author":[{"embeddable":true,"href":"https:\/\/www.europesays.com\/fr\/wp-json\/wp\/v2\/users\/2"}],"replies":[{"embeddable":true,"href":"https:\/\/www.europesays.com\/fr\/wp-json\/wp\/v2\/comments?post=564898"}],"version-history":[{"count":0,"href":"https:\/\/www.europesays.com\/fr\/wp-json\/wp\/v2\/posts\/564898\/revisions"}],"wp:featuredmedia":[{"embeddable":true,"href":"https:\/\/www.europesays.com\/fr\/wp-json\/wp\/v2\/media\/564899"}],"wp:attachment":[{"href":"https:\/\/www.europesays.com\/fr\/wp-json\/wp\/v2\/media?parent=564898"}],"wp:term":[{"taxonomy":"category","embeddable":true,"href":"https:\/\/www.europesays.com\/fr\/wp-json\/wp\/v2\/categories?post=564898"},{"taxonomy":"post_tag","embeddable":true,"href":"https:\/\/www.europesays.com\/fr\/wp-json\/wp\/v2\/tags?post=564898"}],"curies":[{"name":"wp","href":"https:\/\/api.w.org\/{rel}","templated":true}]}}