{"id":564902,"date":"2025-11-28T17:09:14","date_gmt":"2025-11-28T17:09:14","guid":{"rendered":"https:\/\/www.europesays.com\/fr\/564902\/"},"modified":"2025-11-28T17:09:14","modified_gmt":"2025-11-28T17:09:14","slug":"le-cri-ironique-de-la-generation-z-sur-tiktok","status":"publish","type":"post","link":"https:\/\/www.europesays.com\/fr\/564902\/","title":{"rendered":"le cri ironique de la g\u00e9n\u00e9ration Z sur TikTok"},"content":{"rendered":"<p>\u00ab\u00a0Il me reste vingt balles, c&rsquo;est tout et j&rsquo;esp\u00e8re qu&rsquo;on sera pay\u00e9s demain, et l\u00e0 je vais faire des courses et chercher de quoi faire des cr\u00eapes. J&rsquo;ai envie de voir pour combien je vais en avoir sachant que \u00e7a pourrait \u00eatre un nouveau concept de t\u00e9l\u00e9-r\u00e9alit\u00e9\u00a0: \u201cJ&rsquo;ai vingt balles et je vais faire mes courses dans la France de Macron\u201d\u00a0\u00bb, se filme en marchant un cr\u00e9ateur de contenus du nom d&rsquo;Esteban Munoz pour ses abonn\u00e9s <a class=\"Link\" href=\"https:\/\/www.lepoint.fr\/tags\/tiktok\" data-gtm=\"click:capsule\" data-capsule=\"Lien\" target=\"_blank\" rel=\"noopener\">TikTok<\/a>.<\/p>\n<p>Cette dr\u00f4le d&rsquo;expression \u00ab\u00a0dans la France de Macron\u00a0\u00bb qu&rsquo;utilise le jeune tiktokeur s&rsquo;est rapidement fait une place dans les vid\u00e9os et les commentaires de la g\u00e9n\u00e9ration Z (n\u00e9e apr\u00e8s 1995) sur les r\u00e9seaux sociaux. Utilis\u00e9e initialement avec humour par les jeunes pour illustrer leur pr\u00e9carit\u00e9 financi\u00e8re, elle devient finalement l&rsquo;\u00e9tendard des difficult\u00e9s rencontr\u00e9es&#8230;<\/p>\n<p>Toute l\u2019actualit\u00e9 \u00e0 1\u20ac le premier mois<\/p>\n<p><a href=\"https:\/\/abo.lepoint.fr\/?provenance=21EDI020098\" class=\"btn\" title=\"S&#039;abonner\" data-gtm=\"click:abo|display:abo\" data-campaign=\"paywall_maison\" target=\"_blank\" rel=\"noopener\">S&rsquo;abonner<\/a><\/p>\n<p>ou<\/p>\n<p>Le point du soir<\/p>\n<p class=\"period\">Tous les soirs \u00e0 partir de 18h<\/p>\n<p>Recevez l\u2019information analys\u00e9e et d\u00e9crypt\u00e9e par la r\u00e9daction du Point.<\/p>\n<p>Merci !<br \/>Votre inscription a bien \u00e9t\u00e9 prise en compte avec l&rsquo;adresse email :<\/p>\n<p>Pour d\u00e9couvrir toutes nos autres newsletters, rendez-vous ici : <a href=\"https:\/\/moncompte.lepoint.fr\/\" title=\"\" target=\"_blank\" rel=\"noopener\">MonCompte<\/a><\/p>\n<p>En vous inscrivant, vous acceptez les <a href=\"https:\/\/www.lepoint.fr\/html\/cgu\/\" title=\"Conditions g\u00e9n\u00e9rales d&#039;utilisation\" target=\"_blank\" rel=\"noopener\">conditions g\u00e9n\u00e9rales d\u2019utilisations<\/a> et notre <a href=\"https:\/\/www.lepoint.fr\/html\/politique-de-protection-donnees-personnelles\/\" title=\"Politique de confidentialit\u00e9\" target=\"_blank\" rel=\"noopener\">politique de confidentialit\u00e9<\/a>.<\/p>\n","protected":false},"excerpt":{"rendered":"\u00ab\u00a0Il me reste vingt balles, c&rsquo;est tout et j&rsquo;esp\u00e8re qu&rsquo;on sera pay\u00e9s demain, et l\u00e0 je vais faire&hellip;\n","protected":false},"author":2,"featured_media":564903,"comment_status":"","ping_status":"","sticky":false,"template":"","format":"standard","meta":{"footnotes":""},"categories":[4],"tags":[11,1011,27,12,25,2439],"class_list":{"0":"post-564902","1":"post","2":"type-post","3":"status-publish","4":"format-standard","5":"has-post-thumbnail","7":"category-france","8":"tag-actualites","9":"tag-fr","10":"tag-france","11":"tag-news","12":"tag-republique-francaise","13":"tag-tiktok"},"share_on_mastodon":{"url":"https:\/\/pubeurope.com\/@fr\/115628432747776470","error":""},"_links":{"self":[{"href":"https:\/\/www.europesays.com\/fr\/wp-json\/wp\/v2\/posts\/564902","targetHints":{"allow":["GET"]}}],"collection":[{"href":"https:\/\/www.europesays.com\/fr\/wp-json\/wp\/v2\/posts"}],"about":[{"href":"https:\/\/www.europesays.com\/fr\/wp-json\/wp\/v2\/types\/post"}],"author":[{"embeddable":true,"href":"https:\/\/www.europesays.com\/fr\/wp-json\/wp\/v2\/users\/2"}],"replies":[{"embeddable":true,"href":"https:\/\/www.europesays.com\/fr\/wp-json\/wp\/v2\/comments?post=564902"}],"version-history":[{"count":0,"href":"https:\/\/www.europesays.com\/fr\/wp-json\/wp\/v2\/posts\/564902\/revisions"}],"wp:featuredmedia":[{"embeddable":true,"href":"https:\/\/www.europesays.com\/fr\/wp-json\/wp\/v2\/media\/564903"}],"wp:attachment":[{"href":"https:\/\/www.europesays.com\/fr\/wp-json\/wp\/v2\/media?parent=564902"}],"wp:term":[{"taxonomy":"category","embeddable":true,"href":"https:\/\/www.europesays.com\/fr\/wp-json\/wp\/v2\/categories?post=564902"},{"taxonomy":"post_tag","embeddable":true,"href":"https:\/\/www.europesays.com\/fr\/wp-json\/wp\/v2\/tags?post=564902"}],"curies":[{"name":"wp","href":"https:\/\/api.w.org\/{rel}","templated":true}]}}