{"id":564910,"date":"2025-11-28T17:17:27","date_gmt":"2025-11-28T17:17:27","guid":{"rendered":"https:\/\/www.europesays.com\/fr\/564910\/"},"modified":"2025-11-28T17:17:27","modified_gmt":"2025-11-28T17:17:27","slug":"mathieu-van-der-poel-disputera-au-maximum-13-cyclo-cross-actualite","status":"publish","type":"post","link":"https:\/\/www.europesays.com\/fr\/564910\/","title":{"rendered":"Mathieu Van der Poel disputera au maximum 13 cyclo-cross &#8211; Actualit\u00e9"},"content":{"rendered":"<p style=\"text-align: justify;\">Le programme hivernal de\u00a0<strong><a href=\"https:\/\/www.directvelo.com\/coureur\/11113\/mathieu-van-der-poel\" target=\"_blank\" rel=\"noopener\">Mathieu Van der Poel<\/a><\/strong> est d\u00e9sormais connu. Le Champion du Monde de cyclo-cross devrait reprendre le\u00a014\u00a0d\u00e9cembre sur la manche de Coupe du Monde de Namur. Sa pr\u00e9sence en Wallonie est encore \u00e0 confirmer comme pour le 18 janvier \u00e0 Benidorm, en Espagne.<\/p>\n<p>En revanche, sur le circuit de la Coupe du Monde, le N\u00e9erlandais est certain d\u2019\u00eatre pr\u00e9sent \u00e0 Anvers et \u00e0 Koksijde les 20 et 21 d\u00e9cembre, puis \u00e0 Gavere le 26. En janvier, il sera \u00e0 Zonhoven le 3, \u00e0 Maasmechelen le 24 et \u00e0 Hoogerheide le 25. Le week-end suivant, il briguera un huiti\u00e8me titre de Champion du Monde \u00c9lite. Ce sera \u00e0 Hulst, aux Pays-Bas.<\/p>\n<p>Le coureur d&rsquo;Alpecin-Deceuninck\u00a0est \u00e9galement annonc\u00e9 sur des manches du X2O Trofee, \u00e0 Hofstade le 22 d\u00e9cembre et \u00e0 Loenhout le 29, puis \u00e0 Baal pour le GP Sven Nys le 1er janvier. Mathieu Van der Poel sera le lendemain sur l&rsquo;Exact Cross, au Zilvermeercross \u00e0 Mol.<\/p>\n","protected":false},"excerpt":{"rendered":"Le programme hivernal de\u00a0Mathieu Van der Poel est d\u00e9sormais connu. Le Champion du Monde de cyclo-cross devrait reprendre&hellip;\n","protected":false},"author":2,"featured_media":564911,"comment_status":"","ping_status":"","sticky":false,"template":"","format":"standard","meta":{"footnotes":""},"categories":[1411],"tags":[834,828,836,829,837,827,83,826,824,823,1154,207,814,817,815,816,822,821,832,211,839,1011,27,820,818,819,835,831,830,833,838,60,212,208,825],"class_list":{"0":"post-564910","1":"post","2":"type-post","3":"status-publish","4":"format-standard","5":"has-post-thumbnail","7":"category-cyclisme","8":"tag-attaque","9":"tag-belgique","10":"tag-braquet","11":"tag-bretagne","12":"tag-chute","13":"tag-competition","14":"tag-coupe-de-france","15":"tag-coureur","16":"tag-course-cyclisme","17":"tag-course-cycliste","18":"tag-cycling","19":"tag-cyclisme","20":"tag-direct","21":"tag-direct-velo","22":"tag-directvelo","23":"tag-directvelo-com","24":"tag-epreuve","25":"tag-epreuve-cycliste","26":"tag-federation-francaise-de-cyclisme","27":"tag-ffc","28":"tag-flandres","29":"tag-fr","30":"tag-france","31":"tag-live","32":"tag-live-course","33":"tag-live-epreuve","34":"tag-peloton","35":"tag-radio-peloton","36":"tag-radio-tour","37":"tag-ravitaillement","38":"tag-relance","39":"tag-sports","40":"tag-uci","41":"tag-velo","42":"tag-velos"},"share_on_mastodon":{"url":"https:\/\/pubeurope.com\/@fr\/115628464145591791","error":""},"_links":{"self":[{"href":"https:\/\/www.europesays.com\/fr\/wp-json\/wp\/v2\/posts\/564910","targetHints":{"allow":["GET"]}}],"collection":[{"href":"https:\/\/www.europesays.com\/fr\/wp-json\/wp\/v2\/posts"}],"about":[{"href":"https:\/\/www.europesays.com\/fr\/wp-json\/wp\/v2\/types\/post"}],"author":[{"embeddable":true,"href":"https:\/\/www.europesays.com\/fr\/wp-json\/wp\/v2\/users\/2"}],"replies":[{"embeddable":true,"href":"https:\/\/www.europesays.com\/fr\/wp-json\/wp\/v2\/comments?post=564910"}],"version-history":[{"count":0,"href":"https:\/\/www.europesays.com\/fr\/wp-json\/wp\/v2\/posts\/564910\/revisions"}],"wp:featuredmedia":[{"embeddable":true,"href":"https:\/\/www.europesays.com\/fr\/wp-json\/wp\/v2\/media\/564911"}],"wp:attachment":[{"href":"https:\/\/www.europesays.com\/fr\/wp-json\/wp\/v2\/media?parent=564910"}],"wp:term":[{"taxonomy":"category","embeddable":true,"href":"https:\/\/www.europesays.com\/fr\/wp-json\/wp\/v2\/categories?post=564910"},{"taxonomy":"post_tag","embeddable":true,"href":"https:\/\/www.europesays.com\/fr\/wp-json\/wp\/v2\/tags?post=564910"}],"curies":[{"name":"wp","href":"https:\/\/api.w.org\/{rel}","templated":true}]}}