{"id":564912,"date":"2025-11-28T17:19:21","date_gmt":"2025-11-28T17:19:21","guid":{"rendered":"https:\/\/www.europesays.com\/fr\/564912\/"},"modified":"2025-11-28T17:19:21","modified_gmt":"2025-11-28T17:19:21","slug":"stade-rennais-deux-joueurs-sur-la-sellette-habib-beye-tranche-dans-le-vif","status":"publish","type":"post","link":"https:\/\/www.europesays.com\/fr\/564912\/","title":{"rendered":"Stade Rennais : Deux joueurs sur la sellette, Habib Beye tranche dans le vif !"},"content":{"rendered":"<p>Au Stade Rennais, l\u2019\u00e8re Habib Beye commence fort\u2026 et surtout\u00a0<strong>sans concessions<\/strong>. \u00c0 l\u2019approche du match contre Metz, le technicien s\u00e9n\u00e9galais pr\u00e9pare un coup de tonnerre :\u00a0<strong>Seko Fofana<\/strong>\u00a0et\u00a0<strong>Ludovic Blas<\/strong>\u00a0pourraient \u00eatre laiss\u00e9s en tribunes. Pas de blessure, pas de gestion physique : un\u00a0<strong>choix sportif fort<\/strong>, signe que le coach rennais veut reprendre le contr\u00f4le total du vestiaire.<\/p>\n<p><strong>Fofana et Blas, victimes d\u2019un lien distendu avec le coach<\/strong><\/p>\n<p>Selon les informations qui circulent autour du club breton, la relation entre Habib Beye et les deux milieux se serait clairement refroidie. Le message est limpide :\u00a0<strong>les attitudes r\u00e9centes ne correspondent pas aux exigences du coach<\/strong>. Travail, implication, esprit collectif\u2026 le nouvel homme fort de Rennes n\u2019est visiblement pas pr\u00eat \u00e0 transiger.<\/p>\n<p>Ludovic Blas, irr\u00e9gulier depuis plusieurs semaines, et Seko Fofana, dont l\u2019impact est jug\u00e9 insuffisant, pourraient donc payer le prix de cette exigence retrouv\u00e9e.<\/p>\n<p><strong>Un choix muscl\u00e9 pour relancer le groupe<\/strong><\/p>\n<p>En \u00e9cartant deux joueurs majeurs sur le papier Beye envoie un signal puissant \u00e0 tout le vestiaire :\u00a0<strong>la place se gagne, elle ne se m\u00e9rite pas sur le CV<\/strong>. Le coach veut un groupe align\u00e9, concentr\u00e9, et surtout capable de r\u00e9pondre \u00e0 ses standards d\u2019intensit\u00e9 pour relancer la saison rennaise.<\/p>\n<p>Une mani\u00e8re d\u2019installer son autorit\u00e9\u2026 et de faire comprendre que personne n\u2019est intouchable.<\/p>\n<p><strong>Un d\u00e9part d\u00e8s cet hiver ?<\/strong><\/p>\n<p>Leur avenir s\u2019obscurit. \u00c0 Rennes, on ne cache plus que le mercato hivernal pourrait servir \u00e0\u00a0<strong>r\u00e9\u00e9quilibrer l\u2019effectif<\/strong>\u00a0et \u00e0 renforcer une \u00e9quipe qui vise la qualification europ\u00e9enne en fin de saison. Dans ce contexte, Blas et Fofana, sous pression et en perte de cr\u00e9dit, pourraient faire partie des sacrifi\u00e9s de janvier.<\/p>\n<p>Des d\u00e9parts qui permettraient au club breton de faire de la place \u00e0 des joueurs davantage en phase avec la m\u00e9thode Beye : rigueur, solidarit\u00e9, engagement total.<\/p>\n<p><strong>Rennes se transforme\u2026 et Beye impose sa patte<\/strong><\/p>\n<p>Une chose est s\u00fbre : Habib Beye ne perd pas de temps. Son passage au club pourrait marquer un tournant important dans la gestion sportive rennaise. Les d\u00e9cisions fortes s\u2019encha\u00eenent, les statuts ne prot\u00e8gent plus, et le message est clair :\u00a0<strong>seuls les joueurs pr\u00eats \u00e0 se battre pour le collectif feront partie de l\u2019aventure<\/strong>.<\/p>\n<p>Le match contre Metz pourrait \u00eatre le premier v\u00e9ritable r\u00e9v\u00e9lateur de cette nouvelle \u00e8re rennaise.<\/p>\n","protected":false},"excerpt":{"rendered":"Au Stade Rennais, l\u2019\u00e8re Habib Beye commence fort\u2026 et surtout\u00a0sans concessions. \u00c0 l\u2019approche du match contre Metz, le&hellip;\n","protected":false},"author":2,"featured_media":564913,"comment_status":"","ping_status":"","sticky":false,"template":"","format":"standard","meta":{"footnotes":""},"categories":[1410],"tags":[11,448,63,1011,27,66,3388,12,60,10662],"class_list":{"0":"post-564912","1":"post","2":"type-post","3":"status-publish","4":"format-standard","5":"has-post-thumbnail","7":"category-football","8":"tag-actualites","9":"tag-champions-league","10":"tag-football","11":"tag-fr","12":"tag-france","13":"tag-ligue-1","14":"tag-matchs","15":"tag-news","16":"tag-sports","17":"tag-transferts"},"share_on_mastodon":{"url":"https:\/\/pubeurope.com\/@fr\/115628472089661840","error":""},"_links":{"self":[{"href":"https:\/\/www.europesays.com\/fr\/wp-json\/wp\/v2\/posts\/564912","targetHints":{"allow":["GET"]}}],"collection":[{"href":"https:\/\/www.europesays.com\/fr\/wp-json\/wp\/v2\/posts"}],"about":[{"href":"https:\/\/www.europesays.com\/fr\/wp-json\/wp\/v2\/types\/post"}],"author":[{"embeddable":true,"href":"https:\/\/www.europesays.com\/fr\/wp-json\/wp\/v2\/users\/2"}],"replies":[{"embeddable":true,"href":"https:\/\/www.europesays.com\/fr\/wp-json\/wp\/v2\/comments?post=564912"}],"version-history":[{"count":0,"href":"https:\/\/www.europesays.com\/fr\/wp-json\/wp\/v2\/posts\/564912\/revisions"}],"wp:featuredmedia":[{"embeddable":true,"href":"https:\/\/www.europesays.com\/fr\/wp-json\/wp\/v2\/media\/564913"}],"wp:attachment":[{"href":"https:\/\/www.europesays.com\/fr\/wp-json\/wp\/v2\/media?parent=564912"}],"wp:term":[{"taxonomy":"category","embeddable":true,"href":"https:\/\/www.europesays.com\/fr\/wp-json\/wp\/v2\/categories?post=564912"},{"taxonomy":"post_tag","embeddable":true,"href":"https:\/\/www.europesays.com\/fr\/wp-json\/wp\/v2\/tags?post=564912"}],"curies":[{"name":"wp","href":"https:\/\/api.w.org\/{rel}","templated":true}]}}