{"id":564916,"date":"2025-11-28T17:21:16","date_gmt":"2025-11-28T17:21:16","guid":{"rendered":"https:\/\/www.europesays.com\/fr\/564916\/"},"modified":"2025-11-28T17:21:16","modified_gmt":"2025-11-28T17:21:16","slug":"la-fin-de-luniversalisme-dans-les-musees-francais","status":"publish","type":"post","link":"https:\/\/www.europesays.com\/fr\/564916\/","title":{"rendered":"la fin de l\u2019universalisme dans les mus\u00e9es fran\u00e7ais\u00a0?"},"content":{"rendered":"\n<p class=\"article__chapeau\">Les touristes originaires d\u2019un pays hors Union europ\u00e9enne paieront 45\u00a0% plus cher leur billet pour le mus\u00e9e que les autres. Et plus aussi \u00e0 Chambord, Versailles\u2026 Pour participer \u00e0 leur entretien. Ou entretenir un \u00e9litisme\u00a0certain\u00a0?<\/p>\n<p>              <a href=\"https:\/\/www.europesays.com\/fr\/wp-content\/uploads\/2025\/11\/aaa5cfc_upload-1-yh9rmjogafaw-20251123-leextra-telerama-musees-b-14.jpg\" data-pswp-width=\"\" data-pswp-height=\"\" class=\"media__hd\" target=\"_blank\">      <img decoding=\"async\" fetchpriority=\"high\" src=\"https:\/\/www.europesays.com\/fr\/wp-content\/uploads\/2025\/11\/aaa5cfc_upload-1-yh9rmjogafaw-20251123-leextra-telerama-musees-b-14.jpg\" class=\"media__picture js-media-zoom-main \" alt=\"Le Louvre estime que cette augmentation tarifaire devrait rapporter entre 15\u00a0et 20\u00a0millions d\u2019euros par an. \" title=\"Photo Denis Allard\/Leextra\"\/>      <\/p>\n<p class=\"media__legend\"> Le Louvre estime que cette augmentation tarifaire devrait rapporter entre 15\u00a0et 20\u00a0millions d\u2019euros par an.   Photo Denis Allard\/Leextra  <\/p>\n<p>     <\/a>                    <\/p>\n<p class=\"author author--simple\">Par  <a class=\"author author--link\" href=\"https:\/\/www.telerama.fr\/recherche\/articles?q=Virginie+F%C3%A9lix\" target=\"_blank\" rel=\"noopener\"> Virginie F\u00e9lix <\/a>    <\/p>\n<p class=\"publication__date\">Publi\u00e9 le 28 novembre 2025 \u00e0 15h00<\/p>\n<p class=\"publication__update\">Mis \u00e0 jour le 28 novembre 2025 \u00e0 15h36<\/p>\n<p>   Partager   <\/p>\n<ul class=\"sharing-popin--results\">\n<li class=\"sharing-popin--item sharing-popin--item-container\"> Partage  <\/li>\n<li data-share=\"linkedin\" class=\"sharing-popin--item\">  LinkedIn <\/li>\n<li data-share=\"facebook\" class=\"sharing-popin--item\">  Facebook <\/li>\n<li data-share=\"mail\" data-social=\"mail\" class=\"sharing-popin--item\">  Envoyer par email <\/li>\n<li data-share=\"copy\" class=\"sharing-popin--item\">  Copier le lien <\/li>\n<\/ul>\n<p>        Favoris       <\/p>\n<p>                <a class=\"openapp__link\" data-event=\"click-open-app\" data-deep-link=\"tlrm:\/\/element?id=\/arts-expositions\/32-euros-pour-entrer-au-louvre-la-fin-de-l-universalisme-dans-les-musees-francais-7028508.php&amp;source=deeplink_site\">  Lire dans l&rsquo;application<br \/>\n  <\/a>                               <\/p>\n<p class=\"paragraph\">Trente-deux euros. C\u2019est la somme qu\u2019un visiteur dot\u00e9 d\u2019un passeport non europ\u00e9en devra d\u00e9bourser \u00e0 compter du 14\u00a0janvier prochain s\u2019il veut admirer La V\u00e9nus de Milo, La Joconde ou le Grand Sphinx de granit rose et franchir le seuil du <a target=\"_blank\" href=\"https:\/\/www.telerama.fr\/arts-expositions\/au-louvre-gestion-a-deux-vitesses-et-securite-deficiente-ce-que-dit-le-rapport-accablant-de-la-cour-des-comptes-7028171.php\" rel=\"noopener\">Louvre<\/a>. Soit 10\u00a0euros de plus que le prix d\u2019entr\u00e9e actuel. Ainsi en a d\u00e9cid\u00e9 le conseil d\u2019administration du plus grand mus\u00e9e du monde jeudi 27\u00a0novembre, avalisant une prescription de la ministre de la Culture qui brandissait d\u00e8s janvier\u00a02025 cette martingale \u2014 \u00ab\u00a0faire payer davantage les visiteurs \u00e9trangers hors UE\u00a0\u00bb \u2014 pour faire rentrer de l\u2019argent dans les caisses du temple fran\u00e7ais de l\u2019art. Une r\u00e9ponse \u00ab\u00a0innovante\u00a0\u00bb, selon les mots de Rachida Dati, \u00e0 l\u2019alerte lanc\u00e9e par la <a target=\"_blank\" href=\"https:\/\/www.telerama.fr\/arts-expositions\/cambriolage-du-louvre-laurence-des-cars-fragilisee-apres-des-revelations-sur-les-failles-du-musee-7028473.php\" rel=\"noopener\">pr\u00e9sidente du mus\u00e9e Laurence des Cars<\/a> en d\u00e9but d\u2019ann\u00e9e sur \u00ab\u00a0l\u2019urgence\u00a0\u00bb \u00e0 r\u00e9nover un b\u00e2timent exsangue. Vuln\u00e9rabilit\u00e9 qu\u2019est venu cruellement illustrer le rocambolesque cambriolage dans la galerie d\u2019Apollon, en octobre dernier.<\/p>\n<p class=\"paragraph\">Cette augmentation tarifaire assez vertigineuse \u2014 45\u00a0% tout de m\u00eame \u2014 devrait, estime le mus\u00e9e, permettre d\u2019engranger quelque 15 \u00e0 20\u00a0millions d\u2019euros par an. Une manne bienvenue au moment o\u00f9 doit d\u00e9marrer le chantier Louvre-Nouvelle Renaissance. Mais, alertent les syndicats, cette d\u00e9cision bat en br\u00e8che le principe d\u2019universalit\u00e9 et peut \u00eatre per\u00e7ue comme \u00ab\u00a0discriminatoire\u00a0\u00bb en \u00e9tablissant un deux poids, deux mesures entre les visiteurs.<\/p>\n<p class=\"edito__prefixe\">   \u00c0 lire aussi :   <\/p>\n<p class=\"edito__text-container\">   <a alt=\"Lire aussi\" href=\"https:\/\/www.telerama.fr\/arts-expositions\/faut-il-faire-payer-plus-cher-les-grands-musees-aux-extra-europeens-telerama-est-partage-4008-7022748.php\" class=\"article__title--edito\" target=\"_blank\" rel=\"noopener\">Faut-il faire payer plus cher les grands mus\u00e9es aux extra-Europ\u00e9ens\u00a0? \u201cT\u00e9l\u00e9rama\u201d est partag\u00e9<\/a>  <\/p>\n<p class=\"paragraph\">Et le Louvre ne devrait pas \u00eatre une exception. \u00c0 en croire les propos de la ministre de la Culture, cette grille tarifaire diff\u00e9renci\u00e9e devrait faire \u00e9cole et s\u2019appliquera \u00e0 \u00ab\u00a0tous les op\u00e9rateurs culturels nationaux\u00a0\u00bb en\u00a02026. Sont notamment mentionn\u00e9s <a target=\"_blank\" href=\"https:\/\/www.telerama.fr\/arts-expositions\/au-louvre-a-versailles-les-touristes-paieront-plus-cher-une-mesure-a-l-ethique-douteuse-7025906.php\" rel=\"noopener\">le ch\u00e2teau de Versailles<\/a>, celui de <a target=\"_blank\" href=\"https:\/\/www.telerama.fr\/arts-expositions\/les-travaux-d-urgence-du-chateau-de-chambord-seront-ils-finances-avant-qu-il-ne-s-ecroule-7028254.php\" rel=\"noopener\">Chambord<\/a> mais aussi l\u2019Op\u00e9ra de Paris\u2026<\/p>\n<p>                      100\u00a0euros pour une famille                      <\/p>\n<p class=\"paragraph\">D\u2019aucuns verront dans cette \u00ab\u00a0pr\u00e9f\u00e9rence communautaire\u00a0\u00bb une mesure d\u2019\u00e9quit\u00e9\u00a0r\u00e9\u00e9quilibrant les contributions entre les amateurs d\u2019art qui payent leurs imp\u00f4ts au sein de l\u2019UE \u2014 et financent ainsi les subventions nationales et europ\u00e9ennes vers\u00e9es aux mus\u00e9es\u2014 et les autres visiteurs qui ne s\u2019acquittent, eux, que du ticket d\u2019entr\u00e9e. Ils plaideront que ces distinctions sont d\u00e9j\u00e0 \u00e0 l\u2019\u0153uvre dans nombre de lieux patrimoniaux \u00e0 travers le monde, o\u00f9 les ressortissants nationaux et les autres ne sont pas log\u00e9s \u00e0 la m\u00eame enseigne.<\/p>\n<p class=\"paragraph\">Mais le symbole sonne \u00e9trangement au moment o\u00f9 la notion m\u00eame d\u2019universalisme est chaque jour un peu plus remise en cause et alors que les mus\u00e9es revendiquent quotidiennement leur mission d\u2019acc\u00e8s \u00e9gal pour tous \u00e0 la culture. Argument \u00e9galement brandi \u00e0 tour de bras par la ministre de la Culture elle-m\u00eame. Avec un billet d\u2019entr\u00e9e au Louvre flirtant avec les 100\u00a0euros pour une famille avec deux grands enfants, n\u2019est-ce pas une forme d\u2019\u00ab\u00a0\u00e9litisation\u00a0\u00bb qui s\u2019impose encore un peu plus\u00a0? Sans parler du paradoxe qu\u2019il y a \u00e0 faire payer plus cher des visiteurs venus d\u2019Irak, d\u2019\u00c9gypte ou de Turquie, pays dont sont issus les plus grands tr\u00e9sors des d\u00e9partements d\u2019antiquit\u00e9 du Louvre\u2026<\/p>\n<p class=\"edito__prefixe\">   \u00c0 lire aussi :   <\/p>\n<p class=\"edito__text-container\">   <a alt=\"Lire aussi\" href=\"https:\/\/www.telerama.fr\/arts-expositions\/louvre-une-galerie-fermee-au-public-en-raison-d-une-fragilite-de-l-edifice-7028338.php\" class=\"article__title--edito\" target=\"_blank\" rel=\"noopener\">Louvre\u00a0: une galerie ferm\u00e9e au public en raison d\u2019une \u201cfragilit\u00e9\u201d de l\u2019\u00e9difice<\/a>  <\/p>\n","protected":false},"excerpt":{"rendered":"Les touristes originaires d\u2019un pays hors Union europ\u00e9enne paieront 45\u00a0% plus cher leur billet pour le mus\u00e9e que&hellip;\n","protected":false},"author":2,"featured_media":564917,"comment_status":"","ping_status":"","sticky":false,"template":"","format":"standard","meta":{"footnotes":""},"categories":[1358],"tags":[1348,1384,1385,1386,58,59,1011,27],"class_list":{"0":"post-564916","1":"post","2":"type-post","3":"status-publish","4":"format-standard","5":"has-post-thumbnail","7":"category-arts-et-design","8":"tag-arts","9":"tag-arts-and-design","10":"tag-arts-et-design","11":"tag-design","12":"tag-divertissement","13":"tag-entertainment","14":"tag-fr","15":"tag-france"},"share_on_mastodon":{"url":"https:\/\/pubeurope.com\/@fr\/115628480816274661","error":""},"_links":{"self":[{"href":"https:\/\/www.europesays.com\/fr\/wp-json\/wp\/v2\/posts\/564916","targetHints":{"allow":["GET"]}}],"collection":[{"href":"https:\/\/www.europesays.com\/fr\/wp-json\/wp\/v2\/posts"}],"about":[{"href":"https:\/\/www.europesays.com\/fr\/wp-json\/wp\/v2\/types\/post"}],"author":[{"embeddable":true,"href":"https:\/\/www.europesays.com\/fr\/wp-json\/wp\/v2\/users\/2"}],"replies":[{"embeddable":true,"href":"https:\/\/www.europesays.com\/fr\/wp-json\/wp\/v2\/comments?post=564916"}],"version-history":[{"count":0,"href":"https:\/\/www.europesays.com\/fr\/wp-json\/wp\/v2\/posts\/564916\/revisions"}],"wp:featuredmedia":[{"embeddable":true,"href":"https:\/\/www.europesays.com\/fr\/wp-json\/wp\/v2\/media\/564917"}],"wp:attachment":[{"href":"https:\/\/www.europesays.com\/fr\/wp-json\/wp\/v2\/media?parent=564916"}],"wp:term":[{"taxonomy":"category","embeddable":true,"href":"https:\/\/www.europesays.com\/fr\/wp-json\/wp\/v2\/categories?post=564916"},{"taxonomy":"post_tag","embeddable":true,"href":"https:\/\/www.europesays.com\/fr\/wp-json\/wp\/v2\/tags?post=564916"}],"curies":[{"name":"wp","href":"https:\/\/api.w.org\/{rel}","templated":true}]}}