{"id":564918,"date":"2025-11-28T17:23:19","date_gmt":"2025-11-28T17:23:19","guid":{"rendered":"https:\/\/www.europesays.com\/fr\/564918\/"},"modified":"2025-11-28T17:23:19","modified_gmt":"2025-11-28T17:23:19","slug":"rendez-vous-chez-cyril-lignac-apres-les-accusations-de-plagiat-le-flop-avec-marie-sinfiltre","status":"publish","type":"post","link":"https:\/\/www.europesays.com\/fr\/564918\/","title":{"rendered":"\u00ab\u00a0Rendez-vous chez Cyril Lignac\u00a0\u00bb : apr\u00e8s les accusations de plagiat, le flop avec Marie S&rsquo;infiltre"},"content":{"rendered":"<p>Le lancement de Rendez-vous chez Cyril Lignac devait marquer la nouvelle grande offensive de M6 sur le terrain du talk-show \u00e0 heure tardive : un programme chaleureux, plac\u00e9 sous le signe des confidences, de la convivialit\u00e9 et d\u2019une cuisine pens\u00e9e comme vecteur d\u2019intimit\u00e9. Or, apr\u00e8s une premi\u00e8re semaine encourageante, l\u2019\u00e9mission a connu une s\u00e9v\u00e8re d\u00e9sillusion. La pr\u00e9sence de <a href=\"https:\/\/www.public.fr\/tag\/marie-s-infiltre\" target=\"_blank\" rel=\"noopener\">Marie S\u2019Infiltre<\/a>, d\u00e9j\u00e0 au c\u0153ur d\u2019une actualit\u00e9 m\u00e9diatique agit\u00e9e, n\u2019a manifestement pas suffi \u00e0 retenir les t\u00e9l\u00e9spectateurs. Retour sur un deuxi\u00e8me num\u00e9ro en net recul, plomb\u00e9 par un contexte d\u00e9licat et une concurrence f\u00e9roce.<\/p>\n<p>\u00ab\u00a0Rendez-vous chez Cyril Lignac\u00a0\u00bb : <\/p>\n<p>Depuis plusieurs jours, Marie S\u2019Infiltre fait l\u2019objet d\u2019une exposition m\u00e9diatique intense. <a href=\"https:\/\/www.public.fr\/marie-sinfiltre-evincee-de-france-inter-la-verite-sur-la-fin-precipitee-de-cette-collaboration\" target=\"_blank\" rel=\"noopener\">\u00c9cart\u00e9e de la matinale de France Inter apr\u00e8s seulement sept chroniques<\/a>, cibl\u00e9es par des critiques d\u2019auditeurs qui jugeaient son humour \u00ab\u00a0excessif\u00a0\u00bb ou \u00ab\u00a0insuffisamment ma\u00eetris\u00e9\u00a0\u00bb, l\u2019humoriste se retrouvait hier soir chez Cyril Lignac pour un moment cens\u00e9 \u00eatre plus l\u00e9ger.<\/p>\n<p>Ligne \u00e9ditoriale annonc\u00e9e : des conversations \u00e0 c\u0153ur ouvert autour de plats ayant marqu\u00e9 l\u2019enfance ou le parcours personnel des invit\u00e9s. M6 insiste dans son dossier de presse : \u00ab\u00a0Autour des fourneaux ou de la table, les langues se d\u00e9lient\u2026 Cyril d\u00e9couvre ses invit\u00e9s autrement : plus intimes, plus vrais, comme on ne les a jamais vus\u00a0\u00bb. <\/p>\n<p>Aux c\u00f4t\u00e9s de Marie S\u2019Infiltre : <strong>deux personnalit\u00e9s hexagonales bien identifi\u00e9es<\/strong>, l\u2019entrepreneur Xavier Niel et <a href=\"https:\/\/www.public.fr\/tag\/kelly-massol\" target=\"_blank\" rel=\"noopener\">Kelly Massol,<\/a> fondatrice de la marque Les Secrets de Loly et jur\u00e9e de Qui veut \u00eatre mon associ\u00e9 ? Un casting prometteur, un dispositif soign\u00e9, un Cyril Lignac fid\u00e8le \u00e0 son image accessible et chaleureuse. Pourtant, les t\u00e9l\u00e9spectateurs n\u2019\u00e9taient pas au rendez-vous.<\/p>\n<p><strong>Une chute brutale : \u201335% d\u2019audience en deuxi\u00e8me semaine<\/strong><\/p>\n<p>Le constat est s\u00e9v\u00e8re. Apr\u00e8s un d\u00e9marrage solide avec <strong>638.000 t\u00e9l\u00e9spectateurs<\/strong>, Rendez-vous chez Cyril Lignac s\u2019effondre en deuxi\u00e8me semaine, tombant \u00e0 <strong>415.000 curieux<\/strong> entre 23h17 et 00h26.<br \/>Les parts d\u2019audience suivent le m\u00eame mouvement :<\/p>\n<ul class=\"wp-block-list\">\n<li><strong>6,8% du public<\/strong> (contre 10,4% la semaine pr\u00e9c\u00e9dente)<\/li>\n<li><strong>8,7% des 25-49 ans<\/strong><\/li>\n<li><strong>10,8% des femmes responsables des achats de moins de 50 ans<\/strong>, une cible pourtant centrale pour M6<\/li>\n<\/ul>\n<p>Ce recul tranche avec le communiqu\u00e9 de la cha\u00eene apr\u00e8s le premier num\u00e9ro, o\u00f9 l\u2019\u00e9mission \u00e9tait pr\u00e9sent\u00e9e comme \u00ab\u00a0leader aupr\u00e8s de l\u2019ensemble du public\u00a0\u00bb et \u00ab\u00a0large leader sur les 25-49 ans\u00a0\u00bb. Une dynamique qui n\u2019aura dur\u00e9 qu\u2019une semaine.<\/p>\n<p>Cette baisse d\u2019audience peut s\u2019expliquer par <strong>le positionnement tardif de l\u2019\u00e9mission<\/strong>, une concurrence plus forte ou un concept qui peine encore \u00e0 s\u2019installer.<\/p>\n<p><strong>Un programme qui avance malgr\u00e9 les critiques de plagiat<\/strong><\/p>\n<p>Autre ombre au tableau : les accusations de plagiat visant Rendez-vous chez Cyril Lignac, jug\u00e9 par certains trop proche de Un dimanche \u00e0 la campagne, l\u2019\u00e9mission de Fr\u00e9d\u00e9ric Lopez sur France 2.<\/p>\n<p>Pour apaiser les esprits, <a href=\"https:\/\/www.public.fr\/cyril-lignac-accuse-davoir-plagie-un-dimanche-a-la-campagne-frederic-lopez-intervient\" target=\"_blank\" rel=\"noopener\">Fr\u00e9d\u00e9ric Lopez est intervenu publiquement<\/a>, expliquant travailler \u00ab\u00a0main dans la main\u00a0\u00bb avec Cyril Lignac pour d\u00e9velopper cette nouvelle proposition sur M6. Une mani\u00e8re de d\u00e9samorcer une pol\u00e9mique qui aurait pu fragiliser le programme avant m\u00eame son lancement.<\/p>\n<p>L\u2019intervention a permis de lever les doutes, mais la comparaison reste dans les esprits, surtout dans un paysage t\u00e9l\u00e9visuel o\u00f9 les marques \u00e9ditoriales fortes sont difficiles \u00e0 diff\u00e9rencier.<\/p>\n<p>\n          Hits &amp; People en continu\n        <\/p>\n<p>\n          Public Radio\n        <\/p>\n<p>      Mentionn\u00e9s dans cet article<\/p>\n<p>      Sur le m\u00eame sujet<\/p>\n","protected":false},"excerpt":{"rendered":"Le lancement de Rendez-vous chez Cyril Lignac devait marquer la nouvelle grande offensive de M6 sur le terrain&hellip;\n","protected":false},"author":2,"featured_media":564919,"comment_status":"","ping_status":"","sticky":false,"template":"","format":"standard","meta":{"footnotes":""},"categories":[1356],"tags":[46556,58,59,1011,27,494,68065,68066,252,1364],"class_list":{"0":"post-564918","1":"post","2":"type-post","3":"status-publish","4":"format-standard","5":"has-post-thumbnail","7":"category-television","8":"tag-cyril-lignac","9":"tag-divertissement","10":"tag-entertainment","11":"tag-fr","12":"tag-france","13":"tag-m6","14":"tag-marie-sinfiltre","15":"tag-rendez-vous-chez-cyril-lignac","16":"tag-television","17":"tag-tv"},"share_on_mastodon":{"url":"https:\/\/pubeurope.com\/@fr\/115628487896551399","error":""},"_links":{"self":[{"href":"https:\/\/www.europesays.com\/fr\/wp-json\/wp\/v2\/posts\/564918","targetHints":{"allow":["GET"]}}],"collection":[{"href":"https:\/\/www.europesays.com\/fr\/wp-json\/wp\/v2\/posts"}],"about":[{"href":"https:\/\/www.europesays.com\/fr\/wp-json\/wp\/v2\/types\/post"}],"author":[{"embeddable":true,"href":"https:\/\/www.europesays.com\/fr\/wp-json\/wp\/v2\/users\/2"}],"replies":[{"embeddable":true,"href":"https:\/\/www.europesays.com\/fr\/wp-json\/wp\/v2\/comments?post=564918"}],"version-history":[{"count":0,"href":"https:\/\/www.europesays.com\/fr\/wp-json\/wp\/v2\/posts\/564918\/revisions"}],"wp:featuredmedia":[{"embeddable":true,"href":"https:\/\/www.europesays.com\/fr\/wp-json\/wp\/v2\/media\/564919"}],"wp:attachment":[{"href":"https:\/\/www.europesays.com\/fr\/wp-json\/wp\/v2\/media?parent=564918"}],"wp:term":[{"taxonomy":"category","embeddable":true,"href":"https:\/\/www.europesays.com\/fr\/wp-json\/wp\/v2\/categories?post=564918"},{"taxonomy":"post_tag","embeddable":true,"href":"https:\/\/www.europesays.com\/fr\/wp-json\/wp\/v2\/tags?post=564918"}],"curies":[{"name":"wp","href":"https:\/\/api.w.org\/{rel}","templated":true}]}}