{"id":564920,"date":"2025-11-28T17:24:14","date_gmt":"2025-11-28T17:24:14","guid":{"rendered":"https:\/\/www.europesays.com\/fr\/564920\/"},"modified":"2025-11-28T17:24:14","modified_gmt":"2025-11-28T17:24:14","slug":"jattrape-la-femme-flic-chaos-au-commissariat-les-details-dune-viree-cauchemardesque","status":"publish","type":"post","link":"https:\/\/www.europesays.com\/fr\/564920\/","title":{"rendered":"\u00ab\u00a0J&rsquo;attrape la femme flic\u2026\u00a0\u00bb, chaos au commissariat, les d\u00e9tails d\u2019une vir\u00e9e cauchemardesque"},"content":{"rendered":"<p>Par <a class=\"author_recette\" id=\"author_name\" href=\"https:\/\/www.nextplz.fr\/auteur\/noelle-binet\" target=\"_blank\" rel=\"noopener\">No\u00eblle<br \/>\nBinet<\/a> &#8211;<br \/>\nPubli\u00e9 le 28 Nov 2025 \u00e0<br \/>\n17:58 &#8211; Modifi\u00e9 le 28 Nov 2025 \u00e0 17:58<\/p>\n<p class=\"article-intro excerpt\">Le chanteur Florent Pagny a r\u00e9v\u00e9l\u00e9<br \/>\navoir eu de s\u00e9rieux soucis avec les autorit\u00e9s fran\u00e7aises. Apr\u00e8s<br \/>\ns\u2019\u00eatre \u00e9charp\u00e9 avec des agents de police, l\u2019\u00e9poux d\u2019Azucena Caama\u00f1o<br \/>\na pass\u00e9 une nuit\u2026 En prison !<\/p>\n<p>Visage phare de l\u00a0\u00bbindustrie musicale fran\u00e7aise, Florent Pagny a<br \/>\nparticuli\u00e8rement inqui\u00e9t\u00e9 son public, en 2022, en r\u00e9v\u00e9lant \u00eatre<br \/>\natteint d&rsquo;un cancer du poumon. Dans cette \u00e9preuve, l&rsquo;interpr\u00e8te de<br \/>\nSavoir Aimer \u2014 \u00e9paul\u00e9 par les siens \u2014 s&rsquo;est toujours voulu<br \/>\nrassurant quant \u00e0 son \u00e9tat de sant\u00e9.<\/p>\n<p>Florent Pagny serein face \u00e0 la maladie : entour\u00e9 de son cercle<br \/>\nintime, il s&rsquo;est accroch\u00e9 contre vents et mar\u00e9es<\/p>\n<p>Celui qui s&rsquo;est finalement tourn\u00e9 vers la m\u00e9decine chinoise pour<br \/>\nse soigner s&rsquo;est r\u00e9cemment <a href=\"https:\/\/www.nextplz.fr\/people\/505416-retour-aux-sources-pour-florent-pagny-a-63-ans-il-tire-une-croix-sur-la-patagonie-et-revient-en-france\" target=\"_blank\" rel=\"noopener\"><br \/>\ninstall\u00e9 en C\u00f4te-d&rsquo;Or, en Bourgogne<\/a>, sa terre natale. D\u00e9sormais<br \/>\nen r\u00e9mission, Florent Pagny continue \u00e0 ce jour \u00e0 faire des<br \/>\ncontr\u00f4les r\u00e9guliers puisqu&rsquo;il a malheureusement eu plusieurs<br \/>\nrechutes par le pass\u00e9. Dans les bons comme les mauvais moments, le<br \/>\ngrand ami de Marc Lavoine et Patrick Bruel a constamment pu compter<br \/>\nsur le soutien inconditionnel de son \u00e9pouse Azucena Caama\u00f1o, la<br \/>\nm\u00e8re de ses deux enfants : Inca (1996) et A\u00ebl (1999).<\/p>\n<p>Un<br \/>\npassage express en prison \u00e9voqu\u00e9 en toute franchise<\/p>\n<p>Mais avant elle, en plus de Vanessa Paradis, Florent Pagny a \u00e9t\u00e9<br \/>\nen couple dans les ann\u00e9es 80 avec l&rsquo;actrice Patricia Millardet,<br \/>\ndisparue il y a cinq ans. Une relation assez tumultueuse et toxique<br \/>\n\u00e0 en croire l&rsquo;artiste qui s&rsquo;\u00e9tait confi\u00e9 \u00e0 son sujet au cours d&rsquo;une<br \/>\nentrevue accord\u00e9e \u00e0 Guillaume Pley, \u00e0 la <a href=\"https:\/\/www.youtube.com\/watch?v=apPRjed69wk&amp;t=2416s\" target=\"_blank\" rel=\"noopener\">t\u00eate de<br \/>\nl&rsquo;\u00e9mission Legend<\/a> disponible sur YouTube. Par amour<br \/>\npour elle, le soixantenaire a d&rsquo;ailleurs \u00e9t\u00e9 en prison : \u00ab\u00a0J&rsquo;ai<br \/>\npass\u00e9 une nuit en taule\u00a0\u00e0 la cit\u00e9. On s&rsquo;est fait arr\u00eater dans<br \/>\nles Halles. Je lui avais achet\u00e9 une veille Mercos, j&rsquo;adorais la<br \/>\nvoir au volant de ce gros truc. On se gare sur la pi\u00e9tonni\u00e8re des<br \/>\nHalles. On arrive \u00e0 la bagnole, camionnette de flics\u00a0\u00bb.<\/p>\n<p>\u00ab\u00a0Je d\u00e9fonce la<br \/>\nporte pour rentrer dans le bureau\u00a0\u00bb<\/p>\n<p><a href=\"https:\/\/www.nextplz.fr\/people\/483508-florent-pagny-revient-sur-son-premier-amour-le-parfait-cocktail-pour-te-faire-vivre-un-enfer\" target=\"_blank\" rel=\"noopener\"><br \/>\nSa compagne de l&rsquo;\u00e9poque<\/a> a m\u00eame fini par avoir une altercation<br \/>\navec la police. \u00ab\u00a0Elle commence d\u00e9j\u00e0 \u00e0 les brancher et \u00e0 monter<br \/>\ndans les tours\u00a0\u00bb, a rench\u00e9ri Florent Pagny, en se replongeant<br \/>\ndans ses souvenirs. Une fois arr\u00eat\u00e9e, la com\u00e9dienne a ensuite \u00e9t\u00e9<br \/>\nemmen\u00e9e au commissariat. Mais hors de question pour lui de la<br \/>\nlaisser seule. Voulant la rejoindre, le p\u00e8re de famille a perdu<br \/>\npied lorsque des agents lui ont refus\u00e9 l\u2019acc\u00e8s du b\u00e2timent.<br \/>\n\u00ab\u00a0J&rsquo;attrape la femme flic, je la pousse, je rentre<br \/>\nl\u00e0-dedans, je d\u00e9fonce la porte pour rentrer dans le bureau o\u00f9 elle<br \/>\nest\u00a0\u00bb, a expliqu\u00e9 la star qui a tout faire pour se faire<br \/>\narr\u00eater.<\/p>\n<p>Florent Pagny \u00e0 retrouver demain soir sur France 2 pour une<br \/>\n\u00e9mission sp\u00e9ciale<\/p>\n<p>\u00ab\u00a0J&rsquo;ai un bout de shit sur moi, je leur fais<br \/>\n:\u00a0&lsquo;Tenez ! Vous allez pouvoir me garder avec elle<br \/>\n!'\u00a0\u00bb, a soulign\u00e9 Florent Pagny en \u00e9voquant son geste<br \/>\n\u00ab\u00a0chevaleresque\u00a0\u00bb qui lui a tout de m\u00eame valu un passage<br \/>\nexpress derri\u00e8re les barreaux :\u00a0\u00ab\u00a0Elle est partie une<br \/>\ndemi-heure apr\u00e8s, moi, j&rsquo;y ai pass\u00e9 la nuit\u00a0\u00bb. Un incident qui<br \/>\nl&rsquo;a pouss\u00e9 \u00e0 se remettre en question : \u00ab\u00a0Je me suis dit &lsquo;j&rsquo;ai 21<br \/>\nans, qu&rsquo;est ce que je suis en train de vivre ?'\u00a0\u00bb Finalement,<br \/>\nleur romance prendra fin dans la foul\u00e9e. \u00ab\u00a0J&rsquo;ai mis un an pour<br \/>\npouvoir m&rsquo;en s\u00e9parer. \u00c7a \u00e9t\u00e9 compliqu\u00e9 (\u2026). \u00c7a a \u00e9t\u00e9 dur, \u00e7a a \u00e9t\u00e9<br \/>\nlong\u00a0\u00bb, a <a href=\"https:\/\/www.nextplz.fr\/personnalite\/florent-pagny\/#:~:text=N%C3%A9%20%C3%A0%20Chalon%2Dsur%2DSa%C3%B4ne,encha%C3%AEne%20alors%20les%20concours%20r%C3%A9gionaux.\" target=\"_blank\" rel=\"noopener\"><br \/>\nsoulign\u00e9 l&rsquo;ic\u00f4ne de la chanson<\/a> qui est \u00e0 retrouver sur la 2 ce<br \/>\nsamedi 29 novembre 2025 via le programme Florent Pagny fait son<br \/>\nTaratata : \u00ab\u00a0Je n&rsquo;ai jamais aim\u00e9 \u00e7a. Je pr\u00e9f\u00e9rais qu&rsquo;on me<br \/>\nlargue\u00a0\u00bb. C&rsquo;est dit !<\/p>\n","protected":false},"excerpt":{"rendered":"Par No\u00eblle Binet &#8211; Publi\u00e9 le 28 Nov 2025 \u00e0 17:58 &#8211; Modifi\u00e9 le 28 Nov 2025 \u00e0&hellip;\n","protected":false},"author":2,"featured_media":564921,"comment_status":"","ping_status":"","sticky":false,"template":"","format":"standard","meta":{"footnotes":""},"categories":[1355],"tags":[58,59,1011,27,1361,873],"class_list":{"0":"post-564920","1":"post","2":"type-post","3":"status-publish","4":"format-standard","5":"has-post-thumbnail","7":"category-musique","8":"tag-divertissement","9":"tag-entertainment","10":"tag-fr","11":"tag-france","12":"tag-music","13":"tag-musique"},"share_on_mastodon":{"url":"https:\/\/pubeurope.com\/@fr\/115628491724974725","error":""},"_links":{"self":[{"href":"https:\/\/www.europesays.com\/fr\/wp-json\/wp\/v2\/posts\/564920","targetHints":{"allow":["GET"]}}],"collection":[{"href":"https:\/\/www.europesays.com\/fr\/wp-json\/wp\/v2\/posts"}],"about":[{"href":"https:\/\/www.europesays.com\/fr\/wp-json\/wp\/v2\/types\/post"}],"author":[{"embeddable":true,"href":"https:\/\/www.europesays.com\/fr\/wp-json\/wp\/v2\/users\/2"}],"replies":[{"embeddable":true,"href":"https:\/\/www.europesays.com\/fr\/wp-json\/wp\/v2\/comments?post=564920"}],"version-history":[{"count":0,"href":"https:\/\/www.europesays.com\/fr\/wp-json\/wp\/v2\/posts\/564920\/revisions"}],"wp:featuredmedia":[{"embeddable":true,"href":"https:\/\/www.europesays.com\/fr\/wp-json\/wp\/v2\/media\/564921"}],"wp:attachment":[{"href":"https:\/\/www.europesays.com\/fr\/wp-json\/wp\/v2\/media?parent=564920"}],"wp:term":[{"taxonomy":"category","embeddable":true,"href":"https:\/\/www.europesays.com\/fr\/wp-json\/wp\/v2\/categories?post=564920"},{"taxonomy":"post_tag","embeddable":true,"href":"https:\/\/www.europesays.com\/fr\/wp-json\/wp\/v2\/tags?post=564920"}],"curies":[{"name":"wp","href":"https:\/\/api.w.org\/{rel}","templated":true}]}}