{"id":564924,"date":"2025-11-28T17:26:17","date_gmt":"2025-11-28T17:26:17","guid":{"rendered":"https:\/\/www.europesays.com\/fr\/564924\/"},"modified":"2025-11-28T17:26:17","modified_gmt":"2025-11-28T17:26:17","slug":"ce-simple-geste-au-niveau-du-cou-permettrait-de-prevenir-linsuffisance-cardiaque-avant-les-premiers-symptomes","status":"publish","type":"post","link":"https:\/\/www.europesays.com\/fr\/564924\/","title":{"rendered":"Ce simple geste au niveau du cou permettrait de pr\u00e9venir l\u2019insuffisance cardiaque avant les premiers sympt\u00f4mes"},"content":{"rendered":"<p>Touch\u00e9s en plein c\u0153ur\u2026\u00a0L\u2019insuffisance cardiaque, maladie<br \/>\nqui\u00a0touche aujourd\u2019hui <strong>1,5 million de personnes en<br \/>\nFrance<\/strong>, demeure encore trop m\u00e9connue.\u00a0Pourtant, cette<br \/>\naffection gagnerait \u00e0 \u00eatre mieux comprise, tant par les personnes \u00e0<br \/>\nrisque que par leurs proches. En effet, la pr\u00e9valence de cette<br \/>\nmaladie, qui impacte lourdement la qualit\u00e9 de vie et l\u2019esp\u00e9rance de<br \/>\nvie des patients, devrait augmenter de 25\u202f% tous les quatre ans<br \/>\ndans les ann\u00e9es \u00e0 venir, selon la Soci\u00e9t\u00e9 Fran\u00e7aise de<br \/>\nCardiologie.<\/p>\n<p>En 2023, <strong>plus de 650.000 personnes<\/strong> \u00e9taient<br \/>\nprises en charge par l&rsquo;Assurance Maladie pour insuffisance<br \/>\ncardiaque, avance Ameli.fr. L\u2019insuffisance cardiaque est une<br \/>\nmaladie caract\u00e9ris\u00e9e par l\u2019incapacit\u00e9 du c\u0153ur \u00e0 pomper le sang de<br \/>\nmani\u00e8re suffisante pour r\u00e9pondre aux besoins de l\u2019organisme. Les<br \/>\nhommes comme les femmes peuvent en \u00eatre touch\u00e9s, quel que soit leur<br \/>\n\u00e2ge, m\u00eame si certains facteurs de risque comme l\u2019hypertension, le<br \/>\ndiab\u00e8te ou les ant\u00e9c\u00e9dents cardiaques augmentent la probabilit\u00e9 de<br \/>\nd\u00e9velopper la maladie. <strong>Parmi les sympt\u00f4mes les plus<br \/>\nfr\u00e9quents<\/strong>, on retrouve la fatigue, l\u2019essoufflement,<br \/>\n<a href=\"https:\/\/www.mariefrance.fr\/equilibre-2\/premier-signal-cardiologue-symptome-meconnu-pieds-annoncer-insuffisance-cardiaque-1202287.html\" target=\"_blank\" rel=\"noopener\"><br \/>\nl\u2019accumulation de liquide dans les jambes<\/a> ou l\u2019abdomen, ainsi<br \/>\nque des palpitations ou une sensation d\u2019oppression dans la<br \/>\npoitrine.<\/p>\n<p>Comment pr\u00e9venir l&rsquo;insuffisance cardiaque ?<\/p>\n<p>Pr\u00e9venir, c\u2019est (presque) gu\u00e9rir. Pour se prot\u00e9ger de<br \/>\nl\u2019insuffisance cardiaque, la meilleure chose \u00e0 faire est d\u2019adopter<br \/>\n<strong>un mode de vie sain<\/strong>.<\/p>\n<p>Cependant, <a href=\"https:\/\/www.mariefrance.fr\/equilibre\/apres-60-ans-cardiologue-recommande-bannir-mauvaise-habitude-maintient-tension-arterielle-elevee-pendant-sommeil-1221115.html\" target=\"_blank\" rel=\"noopener\"><br \/>\nsurveiller sa tension et son poids<\/a>, pratiquer une activit\u00e9<br \/>\nphysique r\u00e9guli\u00e8re, <a href=\"https:\/\/www.mariefrance.fr\/equilibre\/aliment-delaisse-indispensable-lutter-contre-maladies-chroniques-60-ans-dieteticienne-nutritionniste-1186445.html\" target=\"_blank\" rel=\"noopener\"><br \/>\nadopter une alimentation \u00e9quilibr\u00e9e<\/a> et \u00e9viter le tabac ou<br \/>\nl\u2019alcool ne suffit pas \u00e0 garantir que son c\u0153ur est en bonne sant\u00e9.<br \/>\n<strong>Seul un examen m\u00e9dical complet<\/strong>, r\u00e9alis\u00e9 par un<br \/>\nprofessionnel de sant\u00e9, permet de le savoir avec certitude.<\/p>\n<p><img loading=\"lazy\" decoding=\"async\" aria-describedby=\"caption-attachment-539165\" itemprop=\"thumbnailUrl\" class=\"size-large wp-image-539165 img-responsive\" src=\"https:\/\/www.europesays.com\/fr\/wp-content\/uploads\/2025\/11\/gettyimages-1126835434-1024x683.jpg\" alt=\"\" width=\"1024\" height=\"683\"\/><\/p>\n<p id=\"caption-attachment-539165\" class=\"wp-caption-text\">Seul un<br \/>\nexamen m\u00e9dical complet, r\u00e9alis\u00e9 par un professionnel de sant\u00e9,<br \/>\npermet de savoir avec certitude si l\u2019on est expos\u00e9 \u00e0 l\u2019insuffisance<br \/>\ncardiaque.<\/p>\n<p>Comment identifier les personnes les plus \u00e0 risque<br \/>\nd\u2019insuffisance cardiaque\u202f?<\/p>\n<p>Risquez-vous de d\u00e9velopper une insuffisance cardiaque un jour\u202f?<br \/>\nUn simple test peut aider \u00e0 identifier les personnes les plus \u00e0<br \/>\nrisque. En mars dernier, une \u00e9tude publi\u00e9e dans le Journal of<br \/>\nthe American Heart Association a mis en \u00e9vidence <strong>le<br \/>\npotentiel de l\u2019\u00e9chographie carotidienne<\/strong> pour rep\u00e9rer plus<br \/>\nfacilement les individus susceptibles de d\u00e9velopper des<br \/>\ncomplications cardiovasculaires.<\/p>\n<p>Comme le rapporte Femme Actuelle, il s\u2019agit d\u2019un examen<br \/>\nrapide et indolore \u00ab\u00a0qui consiste \u00e0 passer d\u00e9licatement un petit<br \/>\nappareil portatif au niveau du cou pour examiner les art\u00e8res<br \/>\nsitu\u00e9es en dessous\u00a0\u00bb. Il permet d\u2019\u00e9valuer <strong>le<br \/>\nr\u00e9tr\u00e9cissement et la flexibilit\u00e9 des art\u00e8res<\/strong>, des<br \/>\nindicateurs pr\u00e9coces du risque cardiovasculaire.<\/p>\n<p><img loading=\"lazy\" decoding=\"async\" aria-describedby=\"caption-attachment-1192581\" class=\"size-full wp-image-1192581 img-responsive\" src=\"https:\/\/www.europesays.com\/fr\/wp-content\/uploads\/2025\/11\/syndrome-du-coeur-des-vacances-le-trouble-cardiaque-qui-vous-guette-cet-ete-1.jpg\" alt=\"M\u00e9decin avec mod\u00e8le d'anatomie cardiaque. Sujets \u00e2g\u00e9s Consultation de patients sant\u00e9 m\u00e9dicale pour les maladies cardiovasculaires\" width=\"1200\" height=\"675\"\/> \u00a9 Shutterstock<\/p>\n<p id=\"caption-attachment-1192581\" class=\"wp-caption-text\">\nL\u2019\u00e9chographie carotidienne est un examen rapide et indolore qui<br \/>\nutilise un petit appareil pour examiner les art\u00e8res du cou. Elle<br \/>\npermet d\u2019\u00e9valuer leur \u00e9tat, notamment leur souplesse et d\u2019\u00e9ventuels<br \/>\nr\u00e9tr\u00e9cissements.<\/p>\n<p>L\u2019examen des art\u00e8res carotides pour<br \/>\npr\u00e9venir l\u2019insuffisance cardiaque<\/p>\n<p>Aujourd\u2019hui, les m\u00e9decins se concentrent g\u00e9n\u00e9ralement sur<br \/>\nl\u2019examen des art\u00e8res carotides chez les patients ayant d\u00e9j\u00e0 subi un<br \/>\naccident vasculaire c\u00e9r\u00e9bral (AVC). Ils l\u2019utilisent aussi chez ceux<br \/>\npr\u00e9sentant un risque d\u2019AVC apr\u00e8s un accident isch\u00e9mique<br \/>\ntransitoire. Pourtant, selon les chercheurs de l\u2019\u00e9tude, cet examen<br \/>\nreste <strong>simple \u00e0 r\u00e9aliser et peu co\u00fbteux<\/strong>. Il peut<br \/>\n\u00eatre fait m\u00eame chez des personnes en bonne sant\u00e9.<\/p>\n<blockquote class=\"tiktok-embed\" cite=\"https:\/\/www.tiktok.com\/@drtik_tok\/video\/7447480211064573206\" data-video-id=\"7447480211064573206\" style=\"max-width: 605px;min-width: 325px;\"><p>\n<a target=\"_blank\" href=\"https:\/\/www.tiktok.com\/@drtik_tok\/video\/7447480211064573206\" rel=\"noopener\"><img decoding=\"async\" src=\"https:\/\/www.tiktok.com\/img\/logo.png\" alt=\"TikTok Logo\"\/><\/a>\n<\/p><\/blockquote>\n<p>C\u2019est pourquoi ils recommandent de <strong>proposer une<br \/>\n\u00e9chographie carotidienne<\/strong> aux personnes \u00e2g\u00e9es lors des<br \/>\nvisites de routine chez le m\u00e9decin g\u00e9n\u00e9raliste. Cela permettrait<br \/>\nd\u2019\u00e9valuer la souplesse des art\u00e8res et d\u2019aider chacun \u00e0 mieux<br \/>\ncomprendre son risque futur d\u2019insuffisance cardiaque.<br \/>\n\u00ab\u00a0L&rsquo;\u00e9chographie carotidienne est un examen s\u00fbr, peu co\u00fbteux et<br \/>\nindolore, et nos r\u00e9sultats sugg\u00e8rent qu&rsquo;elle pourrait permettre de<br \/>\nd\u00e9tecter pr\u00e9cocement les signes avant-coureurs d&rsquo;une insuffisance<br \/>\ncardiaque\u00a0\u00bb, avance dans un communiqu\u00e9 le Dr Atinuke<br \/>\nAkinmolayan, l\u2019un des auteurs de ces travaux.<\/p>\n<p><script async src=\"\/\/www.tiktok.com\/embed.js\"><\/script><\/p>\n","protected":false},"excerpt":{"rendered":"Touch\u00e9s en plein c\u0153ur\u2026\u00a0L\u2019insuffisance cardiaque, maladie qui\u00a0touche aujourd\u2019hui 1,5 million de personnes en France, demeure encore trop m\u00e9connue.\u00a0Pourtant,&hellip;\n","protected":false},"author":2,"featured_media":564925,"comment_status":"","ping_status":"","sticky":false,"template":"","format":"standard","meta":{"footnotes":""},"categories":[10],"tags":[1011,27,72,71],"class_list":{"0":"post-564924","1":"post","2":"type-post","3":"status-publish","4":"format-standard","5":"has-post-thumbnail","7":"category-sante","8":"tag-fr","9":"tag-france","10":"tag-health","11":"tag-sante"},"share_on_mastodon":{"url":"https:\/\/pubeurope.com\/@fr\/115628500897108872","error":""},"_links":{"self":[{"href":"https:\/\/www.europesays.com\/fr\/wp-json\/wp\/v2\/posts\/564924","targetHints":{"allow":["GET"]}}],"collection":[{"href":"https:\/\/www.europesays.com\/fr\/wp-json\/wp\/v2\/posts"}],"about":[{"href":"https:\/\/www.europesays.com\/fr\/wp-json\/wp\/v2\/types\/post"}],"author":[{"embeddable":true,"href":"https:\/\/www.europesays.com\/fr\/wp-json\/wp\/v2\/users\/2"}],"replies":[{"embeddable":true,"href":"https:\/\/www.europesays.com\/fr\/wp-json\/wp\/v2\/comments?post=564924"}],"version-history":[{"count":0,"href":"https:\/\/www.europesays.com\/fr\/wp-json\/wp\/v2\/posts\/564924\/revisions"}],"wp:featuredmedia":[{"embeddable":true,"href":"https:\/\/www.europesays.com\/fr\/wp-json\/wp\/v2\/media\/564925"}],"wp:attachment":[{"href":"https:\/\/www.europesays.com\/fr\/wp-json\/wp\/v2\/media?parent=564924"}],"wp:term":[{"taxonomy":"category","embeddable":true,"href":"https:\/\/www.europesays.com\/fr\/wp-json\/wp\/v2\/categories?post=564924"},{"taxonomy":"post_tag","embeddable":true,"href":"https:\/\/www.europesays.com\/fr\/wp-json\/wp\/v2\/tags?post=564924"}],"curies":[{"name":"wp","href":"https:\/\/api.w.org\/{rel}","templated":true}]}}