{"id":564932,"date":"2025-11-28T17:30:13","date_gmt":"2025-11-28T17:30:13","guid":{"rendered":"https:\/\/www.europesays.com\/fr\/564932\/"},"modified":"2025-11-28T17:30:13","modified_gmt":"2025-11-28T17:30:13","slug":"les-aeroports-francais-accusent-les-taxes-de-leur-avoir-fait-perdre-plus-dun-million-de-passagers-depuis-mars","status":"publish","type":"post","link":"https:\/\/www.europesays.com\/fr\/564932\/","title":{"rendered":"Les a\u00e9roports fran\u00e7ais accusent les taxes de leur avoir fait perdre plus d\u2019un million de passagers depuis mars"},"content":{"rendered":"<p>Depuis mars, la \u00ab\u00a0<a href=\"https:\/\/www.20minutes.fr\/planete\/cop\/4185011-20251111-cop30-france-refuse-augmenter-taxe-billets-avion-mise-cooperation-internationale\" class=\"c-link c-link--is-underlined\" target=\"_blank\" rel=\"noopener\">taxe de solidarit\u00e9 sur les billets<\/a> <a href=\"https:\/\/www.20minutes.fr\/dossier\/avion\" class=\"c-link c-link--is-underlined\" target=\"_blank\" rel=\"noopener\">d\u2019avion\u00a0<\/a>\u00bb (TSBA) a \u00e9t\u00e9 tripl\u00e9e. Elle alourdit le co\u00fbt des vols de 4,77\u202feuros sur les trajets int\u00e9rieurs ou europ\u00e9ens au d\u00e9part de France, et jusqu\u2019\u00e0 120\u202feuros sur les long-courriers en classe affaires. Les a\u00e9roports fran\u00e7ais alertent sur l\u2019impact de cette mesure\u00a0: des liaisons ont \u00e9t\u00e9 supprim\u00e9es ou leurs fr\u00e9quences r\u00e9duites, pour <a href=\"https:\/\/www.20minutes.fr\/dossier\/trafic_aerien\" class=\"c-link c-link--is-underlined\" target=\"_blank\" rel=\"noopener\">un manque de plus de 1,3\u00a0million de passagers <\/a>attendu entre hiver et \u00e9t\u00e9.<\/p>\n<p><a href=\"https:\/\/www.20minutes.fr\/economie\/ryanair\/\" class=\"c-link c-link--is-underlined\" target=\"_blank\" rel=\"noopener\">Ryanair<\/a> a annonc\u00e9 une r\u00e9duction de 13\u00a0% de sa capacit\u00e9 en France, soit 750.000 si\u00e8ges en moins, et a d\u00e9sert\u00e9 trois a\u00e9roports r\u00e9gionaux\u00a0: Strasbourg, Bergerac et Brive pour la saison d\u2019hiver. <a href=\"https:\/\/www.20minutes.fr\/dossier\/easyjet\" class=\"c-link c-link--is-underlined\" target=\"_blank\" rel=\"noopener\">EasyJet<\/a> a pris des d\u00e9cisions similaires. Selon l\u2019Union des a\u00e9roports fran\u00e7ais (UAF), ces suppressions repr\u00e9sentent 630.000 passagers en moins cet hiver, et 750.000 suppl\u00e9mentaires pourraient manquer au printemps-\u00e9t\u00e9 si les programmes restent inchang\u00e9s.<\/p>\n<\/p>\n<p>Toujours pas au niveau d\u2019avant Covid<\/p>\n<p>Ces chiffres ne prennent pas en compte Paris-Charles-de-Gaulle et Orly, qui accueillent la moiti\u00e9 des 205\u00a0millions de passagers fran\u00e7ais de\u00a02024. \u00ab\u00a0En\u00a02024, le trafic passagers en France n\u2019a toujours pas retrouv\u00e9 son niveau d\u2019avant-crise, accusant une diminution de 4\u00a0% par rapport \u00e0\u00a02019\u00a0\u00bb, d\u00e9plore Thomas Juin, pr\u00e9sident de l\u2019UAF. L\u2019offre de si\u00e8ges au d\u00e9part de la France n\u2019a augment\u00e9 que de 1,5\u00a0% depuis le deuxi\u00e8me trimestre\u00a02025, contre 4,5\u00a0% dans le reste de l\u2019Europe. Selon lui, ce \u00ab\u00a0d\u00e9crochage\u00a0\u00bb est la cons\u00e9quence directe de choix politiques et fiscaux qui fragilisent la comp\u00e9titivit\u00e9 et pourraient peser sur l\u2019\u00e9conomie tout enti\u00e8re.<\/p>\n<p>Avec plus d\u2019un million de passagers en moins sur l\u2019ensemble des saisons, les a\u00e9roports fran\u00e7ais observent un impact in\u00e9dit depuis la crise sanitaire. La situation alerte les professionnels du secteur, qui appellent \u00e0 r\u00e9\u00e9valuer les mesures fiscales pour \u00e9viter une perte durable de trafic et un effet domino sur l\u2019\u00e9conomie r\u00e9gionale et nationale. La taxe TSBA a \u00e9t\u00e9 instaur\u00e9e pour encourager la transition \u00e9cologique et r\u00e9duire l\u2019empreinte carbone du transport a\u00e9rien.<\/p>\n","protected":false},"excerpt":{"rendered":"Depuis mars, la \u00ab\u00a0taxe de solidarit\u00e9 sur les billets d\u2019avion\u00a0\u00bb (TSBA) a \u00e9t\u00e9 tripl\u00e9e. Elle alourdit le co\u00fbt&hellip;\n","protected":false},"author":2,"featured_media":564933,"comment_status":"","ping_status":"","sticky":false,"template":"","format":"standard","meta":{"footnotes":""},"categories":[6],"tags":[47,663,37,35,33,34,1011,27,36161],"class_list":{"0":"post-564932","1":"post","2":"type-post","3":"status-publish","4":"format-standard","5":"has-post-thumbnail","7":"category-economie","8":"tag-actualite","9":"tag-aeroport","10":"tag-avion","11":"tag-business","12":"tag-economie","13":"tag-economy","14":"tag-fr","15":"tag-france","16":"tag-trafic-aerien"},"share_on_mastodon":{"url":"","error":""},"_links":{"self":[{"href":"https:\/\/www.europesays.com\/fr\/wp-json\/wp\/v2\/posts\/564932","targetHints":{"allow":["GET"]}}],"collection":[{"href":"https:\/\/www.europesays.com\/fr\/wp-json\/wp\/v2\/posts"}],"about":[{"href":"https:\/\/www.europesays.com\/fr\/wp-json\/wp\/v2\/types\/post"}],"author":[{"embeddable":true,"href":"https:\/\/www.europesays.com\/fr\/wp-json\/wp\/v2\/users\/2"}],"replies":[{"embeddable":true,"href":"https:\/\/www.europesays.com\/fr\/wp-json\/wp\/v2\/comments?post=564932"}],"version-history":[{"count":0,"href":"https:\/\/www.europesays.com\/fr\/wp-json\/wp\/v2\/posts\/564932\/revisions"}],"wp:featuredmedia":[{"embeddable":true,"href":"https:\/\/www.europesays.com\/fr\/wp-json\/wp\/v2\/media\/564933"}],"wp:attachment":[{"href":"https:\/\/www.europesays.com\/fr\/wp-json\/wp\/v2\/media?parent=564932"}],"wp:term":[{"taxonomy":"category","embeddable":true,"href":"https:\/\/www.europesays.com\/fr\/wp-json\/wp\/v2\/categories?post=564932"},{"taxonomy":"post_tag","embeddable":true,"href":"https:\/\/www.europesays.com\/fr\/wp-json\/wp\/v2\/tags?post=564932"}],"curies":[{"name":"wp","href":"https:\/\/api.w.org\/{rel}","templated":true}]}}