{"id":564934,"date":"2025-11-28T17:31:15","date_gmt":"2025-11-28T17:31:15","guid":{"rendered":"https:\/\/www.europesays.com\/fr\/564934\/"},"modified":"2025-11-28T17:31:15","modified_gmt":"2025-11-28T17:31:15","slug":"disparu-en-2008-puis-declare-mort-il-vivait-en-fait-a-lecart-du-monde-dans-une-reserve-naturelle","status":"publish","type":"post","link":"https:\/\/www.europesays.com\/fr\/564934\/","title":{"rendered":"Disparu en\u00a02008 puis d\u00e9clar\u00e9 mort, il vivait en fait \u00e0 l\u2019\u00e9cart du monde dans une r\u00e9serve naturelle"},"content":{"rendered":"<p>Un homme disparu il y a 17 ans a \u00e9t\u00e9 retrouv\u00e9 en bonne sant\u00e9 dans le parc national de Pirin (<a href=\"https:\/\/www.20minutes.fr\/monde\/bulgarie\/\" class=\"c-link c-link--is-underlined\" target=\"_blank\" rel=\"noopener\">Bulgarie<\/a>). Il s\u2019\u00e9tait install\u00e9 dans une partie isol\u00e9e du site et y vivait en ermite. Ce sont des gardes forestiers effectuant une patrouille de routine qui sont tomb\u00e9s sur l\u2019individu alors qu\u2019ils passaient en revue les zones de camping, explique <a href=\"https:\/\/www.turkiyetoday.com\/region\/bulgarian-man-who-went-missing-17-years-ago-found-alive-in-pirin-national-park-3209381\" rel=\"nofollow noopener\" target=\"_blank\" class=\"c-link c-link--is-underlined\">Turkiye Today<\/a>. Une tente \u00e0 l\u2019\u00e9cart des espaces r\u00e9serv\u00e9s aux campeurs a attir\u00e9 leur attention.<\/p>\n<p>Les employ\u00e9s s\u2019en sont approch\u00e9s et se sont rapidement trouv\u00e9s face \u00e0 l\u2019occupant qui a fait preuve d\u2019agressivit\u00e9, entra\u00eenant l\u2019arriv\u00e9e de la police. Malgr\u00e9 l\u2019absence de pi\u00e8ce d\u2019identit\u00e9, \u00ab\u00a0il a \u00e9t\u00e9 \u00e9tabli que la personne avait \u00e9t\u00e9 d\u00e9clar\u00e9e morte et qu\u2019un certificat de d\u00e9c\u00e8s lui avait \u00e9t\u00e9 d\u00e9livr\u00e9\u00a0\u00bb, a indiqu\u00e9 le directeur du parc Rosen Banenski. Si le Bulgare \u00e9tait enregistr\u00e9 comme d\u00e9c\u00e9d\u00e9 en\u00a02013, c\u2019est qu\u2019il \u00e9tait <a href=\"https:\/\/www.20minutes.fr\/dossier\/disparition\" class=\"c-link c-link--is-underlined\" target=\"_blank\" rel=\"noopener\">port\u00e9 disparu<\/a> depuis\u00a02008 et que les recherches pour le localiser \u00e9taient rest\u00e9es vaines.<\/p>\n<p>Loin des marcheurs<\/p>\n<p>Une enqu\u00eate a \u00e9t\u00e9 diligent\u00e9e et les responsables des investigations privil\u00e9gient la th\u00e8se d\u2019un \u00e9loignement volontaire. La police s\u2019appuie notamment sur le fait que l\u2019homme avait d\u00e9cid\u00e9 de vivre isol\u00e9 et bien loin des sentiers de randonn\u00e9e o\u00f9 il aurait pu \u00eatre en contact avec le public. Le directeur du site a assur\u00e9 que les autorit\u00e9s bulgares fourniraient prochainement \u00e0 l\u2019ermite des papiers d\u2019identit\u00e9 en bonne et due forme.<\/p>\n<\/p>\n<p>Le campeur \u00e9copera par ailleurs d\u2019une amende administrative qui pourrait atteindre 5.000 leva bulgares, soit environ 2.556,8 euros. Elle correspond au montant dont doivent s\u2019acquitter les campeurs surpris en dehors des zones autoris\u00e9es. \u00ab\u00a0Cette affaire illustre les d\u00e9fis de la surveillance des zones isol\u00e9es du parc et la d\u00e9termination des personnes qui choisissent de vivre en isolement\u00a0\u00bb, a estim\u00e9 Rosen Banenski.<\/p>\n","protected":false},"excerpt":{"rendered":"Un homme disparu il y a 17 ans a \u00e9t\u00e9 retrouv\u00e9 en bonne sant\u00e9 dans le parc national&hellip;\n","protected":false},"author":2,"featured_media":564935,"comment_status":"","ping_status":"","sticky":false,"template":"","format":"standard","meta":{"footnotes":""},"categories":[5],"tags":[47,11,9043,2715,118,1011,27,14,74,12,28],"class_list":{"0":"post-564934","1":"post","2":"type-post","3":"status-publish","4":"format-standard","5":"has-post-thumbnail","7":"category-international","8":"tag-actualite","9":"tag-actualites","10":"tag-bulgarie","11":"tag-disparition","12":"tag-faits-divers","13":"tag-fr","14":"tag-france","15":"tag-international","16":"tag-monde","17":"tag-news","18":"tag-world"},"share_on_mastodon":{"url":"https:\/\/pubeurope.com\/@fr\/115628519123377451","error":""},"_links":{"self":[{"href":"https:\/\/www.europesays.com\/fr\/wp-json\/wp\/v2\/posts\/564934","targetHints":{"allow":["GET"]}}],"collection":[{"href":"https:\/\/www.europesays.com\/fr\/wp-json\/wp\/v2\/posts"}],"about":[{"href":"https:\/\/www.europesays.com\/fr\/wp-json\/wp\/v2\/types\/post"}],"author":[{"embeddable":true,"href":"https:\/\/www.europesays.com\/fr\/wp-json\/wp\/v2\/users\/2"}],"replies":[{"embeddable":true,"href":"https:\/\/www.europesays.com\/fr\/wp-json\/wp\/v2\/comments?post=564934"}],"version-history":[{"count":0,"href":"https:\/\/www.europesays.com\/fr\/wp-json\/wp\/v2\/posts\/564934\/revisions"}],"wp:featuredmedia":[{"embeddable":true,"href":"https:\/\/www.europesays.com\/fr\/wp-json\/wp\/v2\/media\/564935"}],"wp:attachment":[{"href":"https:\/\/www.europesays.com\/fr\/wp-json\/wp\/v2\/media?parent=564934"}],"wp:term":[{"taxonomy":"category","embeddable":true,"href":"https:\/\/www.europesays.com\/fr\/wp-json\/wp\/v2\/categories?post=564934"},{"taxonomy":"post_tag","embeddable":true,"href":"https:\/\/www.europesays.com\/fr\/wp-json\/wp\/v2\/tags?post=564934"}],"curies":[{"name":"wp","href":"https:\/\/api.w.org\/{rel}","templated":true}]}}