{"id":564936,"date":"2025-11-28T17:32:11","date_gmt":"2025-11-28T17:32:11","guid":{"rendered":"https:\/\/www.europesays.com\/fr\/564936\/"},"modified":"2025-11-28T17:32:11","modified_gmt":"2025-11-28T17:32:11","slug":"le-nouveau-service-militaire-est-il-materiellement-avantageux-pour-les-volontaires","status":"publish","type":"post","link":"https:\/\/www.europesays.com\/fr\/564936\/","title":{"rendered":"Le nouveau service militaire est-il mat\u00e9riellement avantageux pour les volontaires\u00a0?"},"content":{"rendered":"<p>Jeudi, le pr\u00e9sident de la R\u00e9publique, <a href=\"https:\/\/www.20minutes.fr\/politique\/emmanuel-macron\/\" class=\"c-link c-link--is-underlined\" target=\"_blank\" rel=\"noopener\">Emmanuel Macron<\/a>, a annonc\u00e9 le <a href=\"https:\/\/www.20minutes.fr\/societe\/4188313-20251127-service-national-solde-duree-age-faut-savoir-nouveau-service-militaire-volontaire\" class=\"c-link c-link--is-underlined\" target=\"_blank\" rel=\"noopener\">grand retour du service militaire<\/a> en France. Un <a href=\"https:\/\/www.20minutes.fr\/dossier\/service_militaire\" class=\"c-link c-link--is-underlined\" target=\"_blank\" rel=\"noopener\">service national<\/a> qui ne sera pas bas\u00e9 comme autrefois sur la conscription, mais sur le volontariat. Du coup, le succ\u00e8s de la d\u00e9marche ne repose pas uniquement sur la fibre patriotique des personnes concern\u00e9es, \u00e0 savoir les jeunes de 18 \u00e0 25 ans. De mani\u00e8re plus pragmatique, il faut aussi que cet engagement soit mat\u00e9riellement int\u00e9ressant. L\u2019est-il vraiment\u00a0?<\/p>\n<p>En France, jusqu\u2019en\u00a01997, les gar\u00e7ons de 18 ans et plus devaient effectuer leur service militaire \u00e0 moins de se faire conna\u00eetre en tant qu\u2019objecteur de conscience et, le cas \u00e9ch\u00e9ant, se fader le double de la dur\u00e9e dans une structure civile. Ce que propose Emmanuel Macron avec le nouveau service national n\u2019est par r\u00e9volutionnaire au regard de ce qui existait avant. On est sur une dur\u00e9e de dix mois, avec une p\u00e9riode de classes d\u2019un mois avant d\u2019entrer dans le dur. Les volontaires seront affect\u00e9s dans des r\u00e9giments en m\u00e9tropole ou en Outre-Mer mais ne seront ni envoy\u00e9s en op\u00e9ration ext\u00e9rieure, ni en zone de conflit.<\/p>\n<\/p>\n<p>Nourri, log\u00e9, r\u00e9mun\u00e9r\u00e9<\/p>\n<p>Pendant leurs dix mois de service, les volontaires percevront une \u00ab\u00a0solde\u00a0\u00bb mensuelle dont le montant est \u00ab\u00a0d\u2019au moins 800 euros brut\u00a0\u00bb. un montant certes modeste, mais qui est \u00ab\u00a0non imposable\u00a0\u00bb. De plus, certains volontaires pourront toucher des \u00ab\u00a0primes \u00e9ventuelles\u00a0\u00bb selon le minist\u00e8re des Arm\u00e9es. On ignore encore le crit\u00e8re d\u2019attribution de ces primes \u00e9ventuelles et s\u2019il sera possible aux volontaires de passer des grades pour augmenter le montant de leur solde.<\/p>\n<p>Ce qu\u2019il restera des 800 euros bruts sera, en quelque sorte, de l\u2019argent de poche puisque l\u2019arm\u00e9e prend en charge le logement, la nourriture et l\u2019habillement des volontaires. C\u00f4t\u00e9 logement, m\u00eame si le \u00ab\u00a0principe est l\u2019h\u00e9bergement en caserne\u00a0\u00bb, un volontaire pourra demander \u00e0 continuer d\u2019habiter chez lui s\u2019il r\u00e9side pr\u00e8s de son r\u00e9giment et avec l\u2019accord du commandement. En revanche, le principe veut aussi que chacun pourra rentrer chez lui le week-end, \u00ab\u00a0selon le rythme op\u00e9rationnel de l\u2019unit\u00e9\u00a0\u00bb.<\/p>\n<p>L\u2019arm\u00e9e vous fera pr\u00e9f\u00e9rer le train<\/p>\n<p>Pour la nourriture, elle n\u2019est plus si mauvaise selon nos informations. M\u00eame plut\u00f4t bonne d\u2019ailleurs dans la marine nationale a confi\u00e9 une source militaire \u00e0 20 Minutes. N\u00e9anmoins, pendant la p\u00e9riode de formation, les volontaires pourront \u00eatre amen\u00e9s \u00e0 d\u00e9guster les fameuses rations militaires que les autres arm\u00e9es du monde nous envient.<\/p>\n<p><a href=\"https:\/\/www.20minutes.fr\/dossier\/service_militaire\" class=\"c-link c-btn c-btn--primary\" target=\"_blank\" rel=\"noopener\">Notre dossier sur le service militaire<\/a><\/p>\n<p>C\u00f4t\u00e9 transport, il y a aussi des avantages. Que ce soit pour rentrer chez eux le week-end, ou lors de permissions plus longues, les volontaires b\u00e9n\u00e9ficieront des tarifs r\u00e9duits de -75\u00a0% \u00e0 la SNCF, \u00ab\u00a0sur toutes les lignes\u00a0\u00bb et pendant \u00ab\u00a0toute la dur\u00e9e du service national\u00a0\u00bb.<\/p>\n","protected":false},"excerpt":{"rendered":"Jeudi, le pr\u00e9sident de la R\u00e9publique, Emmanuel Macron, a annonc\u00e9 le grand retour du service militaire en France.&hellip;\n","protected":false},"author":2,"featured_media":564937,"comment_status":"","ping_status":"","sticky":false,"template":"","format":"standard","meta":{"footnotes":""},"categories":[4],"tags":[47,11,1813,1073,1011,27,4074,1876,12,25,29810,104,2049],"class_list":{"0":"post-564936","1":"post","2":"type-post","3":"status-publish","4":"format-standard","5":"has-post-thumbnail","7":"category-france","8":"tag-actualite","9":"tag-actualites","10":"tag-armee","11":"tag-emmanuel-macron","12":"tag-fr","13":"tag-france","14":"tag-jeunes","15":"tag-ministere-de-la-defense","16":"tag-news","17":"tag-republique-francaise","18":"tag-service-militaire","19":"tag-societe","20":"tag-soldat"},"share_on_mastodon":{"url":"","error":""},"_links":{"self":[{"href":"https:\/\/www.europesays.com\/fr\/wp-json\/wp\/v2\/posts\/564936","targetHints":{"allow":["GET"]}}],"collection":[{"href":"https:\/\/www.europesays.com\/fr\/wp-json\/wp\/v2\/posts"}],"about":[{"href":"https:\/\/www.europesays.com\/fr\/wp-json\/wp\/v2\/types\/post"}],"author":[{"embeddable":true,"href":"https:\/\/www.europesays.com\/fr\/wp-json\/wp\/v2\/users\/2"}],"replies":[{"embeddable":true,"href":"https:\/\/www.europesays.com\/fr\/wp-json\/wp\/v2\/comments?post=564936"}],"version-history":[{"count":0,"href":"https:\/\/www.europesays.com\/fr\/wp-json\/wp\/v2\/posts\/564936\/revisions"}],"wp:featuredmedia":[{"embeddable":true,"href":"https:\/\/www.europesays.com\/fr\/wp-json\/wp\/v2\/media\/564937"}],"wp:attachment":[{"href":"https:\/\/www.europesays.com\/fr\/wp-json\/wp\/v2\/media?parent=564936"}],"wp:term":[{"taxonomy":"category","embeddable":true,"href":"https:\/\/www.europesays.com\/fr\/wp-json\/wp\/v2\/categories?post=564936"},{"taxonomy":"post_tag","embeddable":true,"href":"https:\/\/www.europesays.com\/fr\/wp-json\/wp\/v2\/tags?post=564936"}],"curies":[{"name":"wp","href":"https:\/\/api.w.org\/{rel}","templated":true}]}}