{"id":564940,"date":"2025-11-28T17:34:19","date_gmt":"2025-11-28T17:34:19","guid":{"rendered":"https:\/\/www.europesays.com\/fr\/564940\/"},"modified":"2025-11-28T17:34:19","modified_gmt":"2025-11-28T17:34:19","slug":"ce-que-lon-sait-de-la-future-brigade-des-transports","status":"publish","type":"post","link":"https:\/\/www.europesays.com\/fr\/564940\/","title":{"rendered":"ce que l&rsquo;on sait de la future brigade des transports"},"content":{"rendered":"<p>Le planning \u00e9tait charg\u00e9. Cette semaine, le maire de Saint-\u00c9tienne, Ga\u00ebl Perdriau, a encha\u00een\u00e9 les points presse \u00e0 un rythme effr\u00e9n\u00e9. Jeudi apr\u00e8s-midi, c\u2019est \u00e0 bord d\u2019un tram de la ligne T3 qu\u2019il a pr\u00e9sent\u00e9 un dispositif dont il est tr\u00e8s fier et qui devrait \u00eatre mis en place dans les transports de la Stas\u00a0: une brigade de s\u00e9curit\u00e9 compos\u00e9e de policiers et gendarmes r\u00e9servistes.<\/p>\n<p>\u00c0 ses c\u00f4t\u00e9s, Nicolas Besset, le directeur g\u00e9n\u00e9ral de la soci\u00e9t\u00e9 de transport, et Luc Fran\u00e7ois, vice-pr\u00e9sident en charge des transports \u00e0 Saint-\u00c9tienne M\u00e9tropole. Police, gendarmerie et pr\u00e9fecture n\u2019\u00e9taient, en revanche, pas pr\u00e9sentes pour la pr\u00e9sentation de ce dispositif novateur, \u00ab\u00a0qui n\u2019existe nulle part&#8230;<\/p>\n","protected":false},"excerpt":{"rendered":"Le planning \u00e9tait charg\u00e9. Cette semaine, le maire de Saint-\u00c9tienne, Ga\u00ebl Perdriau, a encha\u00een\u00e9 les points presse \u00e0&hellip;\n","protected":false},"author":2,"featured_media":564941,"comment_status":"","ping_status":"","sticky":false,"template":"","format":"standard","meta":{"footnotes":""},"categories":[9653],"tags":[1111,11,2430,3542,7539,1777,674,1011,27,12,25,4001,7538,2803],"class_list":{"0":"post-564940","1":"post","2":"type-post","3":"status-publish","4":"format-standard","5":"has-post-thumbnail","7":"category-saint-etienne","8":"tag-actu","9":"tag-actualites","10":"tag-auvergne-rhone-alpes","11":"tag-circulation","12":"tag-edition-loire-sud","13":"tag-eu","14":"tag-europe","15":"tag-fr","16":"tag-france","17":"tag-news","18":"tag-republique-francaise","19":"tag-saint-etienne","20":"tag-saint-etienne-ville","21":"tag-transport"},"share_on_mastodon":{"url":"https:\/\/pubeurope.com\/@fr\/115628531051870302","error":""},"_links":{"self":[{"href":"https:\/\/www.europesays.com\/fr\/wp-json\/wp\/v2\/posts\/564940","targetHints":{"allow":["GET"]}}],"collection":[{"href":"https:\/\/www.europesays.com\/fr\/wp-json\/wp\/v2\/posts"}],"about":[{"href":"https:\/\/www.europesays.com\/fr\/wp-json\/wp\/v2\/types\/post"}],"author":[{"embeddable":true,"href":"https:\/\/www.europesays.com\/fr\/wp-json\/wp\/v2\/users\/2"}],"replies":[{"embeddable":true,"href":"https:\/\/www.europesays.com\/fr\/wp-json\/wp\/v2\/comments?post=564940"}],"version-history":[{"count":0,"href":"https:\/\/www.europesays.com\/fr\/wp-json\/wp\/v2\/posts\/564940\/revisions"}],"wp:featuredmedia":[{"embeddable":true,"href":"https:\/\/www.europesays.com\/fr\/wp-json\/wp\/v2\/media\/564941"}],"wp:attachment":[{"href":"https:\/\/www.europesays.com\/fr\/wp-json\/wp\/v2\/media?parent=564940"}],"wp:term":[{"taxonomy":"category","embeddable":true,"href":"https:\/\/www.europesays.com\/fr\/wp-json\/wp\/v2\/categories?post=564940"},{"taxonomy":"post_tag","embeddable":true,"href":"https:\/\/www.europesays.com\/fr\/wp-json\/wp\/v2\/tags?post=564940"}],"curies":[{"name":"wp","href":"https:\/\/api.w.org\/{rel}","templated":true}]}}