{"id":564942,"date":"2025-11-28T17:35:20","date_gmt":"2025-11-28T17:35:20","guid":{"rendered":"https:\/\/www.europesays.com\/fr\/564942\/"},"modified":"2025-11-28T17:35:20","modified_gmt":"2025-11-28T17:35:20","slug":"notre-seul-mot-dordre-etait-de-se-faire-plaisir","status":"publish","type":"post","link":"https:\/\/www.europesays.com\/fr\/564942\/","title":{"rendered":"\u00ab\u00a0Notre seul mot d\u2019ordre \u00e9tait de se faire plaisir\u00a0\u00bb"},"content":{"rendered":"<blockquote class=\"question\"><p>En cette semaine de sortie d\u2019album, dans quel \u00e9tat d\u2019esprit \u00eates-vous\u00a0?<\/p><\/blockquote>\n<p>\u00ab\u00a0On a pris du temps pour le composer et on est satisfaits du r\u00e9sultat, aussi bien musical que textuel, donc on se sent plut\u00f4t zen. Les ann\u00e9es font aussi que l\u2019on ressent moins de pression, il y a moins d\u2019enjeux pour nous que pour un groupe qui d\u00e9bute. On est juste super contents d\u2019avoir des nouvelles chansons \u00e0 jouer sur sc\u00e8ne, et on a h\u00e2te de les pr\u00e9senter \u00e0 notre public\u00a0! \u00a0\u00bb<\/p>\n<blockquote class=\"question\"><p>Vous avez compos\u00e9 ce disque dans votre nouveau studio, le Greenlab, pouvez-vous nous en dire plus\u00a0?<\/p><\/blockquote>\n<p>\u00ab\u00a0Il y a deux ans, lorsqu\u2019on a appris la vente de Studio Mag, un lieu musical embl\u00e9matique de Saint\u00e9, on s\u2019est dit que ce serait triste qu\u2019il disparaisse. On a donc fait en sorte de le racheter puis de se mettre en mode chantier pour le r\u00e9nover. Ce nouveau studio nous a permis de composer dans de super conditions.<\/p>\n<p>  \u00ab\u00a0On avait envie de sortir de notre zone de confort et d\u2019aller encore plus loin musicalement\u00a0\u00bb<\/p>\n<p>C\u2019\u00e9tait cool de rester \u00e0 Saint\u00e9, proches de nos familles, et de se retrouver tous les jours pour faire de la musique ensemble.\u00a0\u00a0\u00bb<\/p>\n<blockquote class=\"question\"><p>Comment avez-vous abord\u00e9 la conception de ce nouvel album\u00a0?<\/p><\/blockquote>\n<p>\u00ab\u00a0On avait envie de sortir de notre zone de confort et d\u2019aller encore plus loin musicalement, en explorant de nouveaux styles, d\u2019autres mani\u00e8res de composer. \u00c7a donne des morceaux encore moins format\u00e9s pour les radios que d\u2019habitude. Certains sont sans refrain, d\u2019autres acoustiques\u2026 On ne s\u2019est fix\u00e9 aucune limite, notre seul mot d\u2019ordre \u00e9tait de se faire plaisir et de s\u2019amuser.\u00a0\u00a0\u00bb<\/p>\n<blockquote class=\"question\"><p>Pourquoi avoir choisi Atlas comme nom d\u2019album\u00a0?<\/p><\/blockquote>\n<p>\u00ab\u00a0On commence le disque avec cette chanson car elle appelle \u00e0 la coh\u00e9sion humaine.<\/p>\n<p>  \u00ab\u00a0Notre ADN reste le m\u00eame, on d\u00e9fend toujours la diversit\u00e9 et la tol\u00e9rance\u00a0\u00bb<\/p>\n<p>\u201cAtlas\u201d renvoie \u00e0 plusieurs id\u00e9es\u00a0: \u00e7a peut \u00eatre les montagnes du Maroc, un planisph\u00e8re ou bien le personnage de la mythologie grecque qui porte le monde sur ses \u00e9paules. Ce mot am\u00e8ne une po\u00e9sie qui correspond bien \u00e0 l\u2019ensemble de l\u2019album.\u00a0\u00bb<\/p>\n<blockquote class=\"question\"><p>Au niveau des textes, on retrouve les th\u00e9matiques ch\u00e8res \u00e0 Dub Inc\u00a0?<\/p><\/blockquote>\n<p>\u00ab\u00a0Notre ADN reste le m\u00eame, on d\u00e9fend toujours la diversit\u00e9 et la tol\u00e9rance. Comme on a d\u00e9j\u00e0 beaucoup dit sur ces sujets, on voulait les aborder diff\u00e9remment, de mani\u00e8re peut-\u00eatre un peu plus po\u00e9tique, moins rentre dedans que dans une chanson comme Tout ce qu\u2019ils veulent , par exemple. On avait aussi besoin d\u2019introspection et de parler de th\u00e8mes plus personnels, comme l\u2019amour ou notre rapport \u00e0 la famille.\u00a0\u00bb<\/p>\n<blockquote class=\"question\"><p>Comment se sont faites les connexions avec Marcus Gad et Kabaka Pyramid\u00a0?<\/p><\/blockquote>\n<p>\u00ab\u00a0Marcus est un artiste que l\u2019on suit depuis longtemps. Il est venu visiter notre studio et le courant est tout de suite pass\u00e9. C\u2019\u00e9tait un moment super humain, comme on les aime, qui a donn\u00e9 naissance au morceau M\u00e9moires.<\/p>\n<p>  \u00ab\u00a0 Il faut essayer de rester positif en toute situation\u00a0\u00bb<\/p>\n<p>Pour Kabaka Pyramid, on l\u2019\u00e9coute tous depuis des ann\u00e9es. On l\u2019a invit\u00e9 \u00e0 passer deux jours au studio, simplement pour \u00e9changer avec lui, et la collaboration s\u2019est faite naturellement dans Break the silence.<\/p>\n<blockquote class=\"question\"><p>Dans Motiv\u00e9 comme personne , Komlan chante \u00ab\u00a0sourire c\u2019est r\u00e9sister\u00a0\u00bb. Dub Inc reste optimiste contre vents et mar\u00e9es\u00a0?<\/p><\/blockquote>\n<p>\u00ab\u00a0Oui, c\u2019est quelque chose qui nous tient \u00e0 c\u0153ur. On a toujours pris le parti de traiter de sujets s\u00e9rieux ou soci\u00e9taux tout en gardant un esprit festif. Pour nous, c\u2019est toujours important de rappeler qu\u2019un sourire peut en amener un autre, et qu\u2019il faut essayer de rester positif en toute situation.\u00a0\u00a0\u00bb<\/p>\n<blockquote class=\"question\"><p>Dans D\u00e9cibels , vous vous adressez directement \u00e0 votre public\u2026<\/p><\/blockquote>\n<p>\u00ab\u00a0Tous ceux qui nous connaissent savent que Dub Inc est n\u00e9 sur sc\u00e8ne et qu\u2019on n\u2019a jamais \u00e9t\u00e9 un groupe de t\u00e9l\u00e9 ou de radio. Notre promo, ce sont les gens qui parlent de nous entre eux et qui viennent nous soutenir en concerts. Ce morceau, c\u2019est aussi un hommage \u00e0 tous ceux qui n\u2019ont pas pu nous voir en festival l\u2019ann\u00e9e derni\u00e8re suite \u00e0 l\u2019annulation de notre tourn\u00e9e. De notre c\u00f4t\u00e9, on a pu r\u00e9aliser \u00e0 quel point le public a toujours \u00e9t\u00e9 et restera notre moteur.\u00a0On tenait \u00e0 le remercier.\u00a0\u00a0\u00bb<\/p>\n<blockquote class=\"question\"><p>Et il r\u00e9pond pr\u00e9sent. Votre concert au Z\u00e9nith de Saint\u00e9, le 5\u00a0d\u00e9cembre\u00a02026, a \u00e9t\u00e9 complet en 48 heures. Vous avez d\u00fb rajouter une date le lendemain\u2026<\/p><\/blockquote>\n<p>\u00ab\u00a0On a hallucin\u00e9. Le deuxi\u00e8me concert est quasiment complet alors qu\u2019on ne fait pas sp\u00e9cialement de promo. Voir que les gens r\u00e9pondent quand m\u00eame \u00e0 l\u2019appel, c\u2019est un luxe et on a d\u00e9j\u00e0 h\u00e2te d\u2019y \u00eatre. On nous demande souvent si on donnera un concert \u00e0 Geoffroy Guichard un jour, mais \u00e0 chaque fois qu\u2019on joue au Z\u00e9nith de Saint\u00e9, pour nous, c\u2019est comme si on jouait dans le Chaudron\u00a0! \u00a0\u00bb<\/p>\n<blockquote class=\"question\"><p>Vous avez sign\u00e9 \u00e0 vie avec la musique\u2026<\/p><\/blockquote>\n<p>\u00ab\u00a0Les concerts, le public qui saute, qui danse, qui chante les paroles\u2026 Quand on y a go\u00fbt\u00e9, c\u2019est quelque chose qui vous rend compl\u00e8tement accro. Apr\u00e8s avoir annul\u00e9 la tourn\u00e9e l\u2019an dernier, on a r\u00e9alis\u00e9 qu\u2019on ne voulait pas faire autre chose de notre vie. On est une famille, on aime \u00eatre ensemble, que ce soit sur la route, sur sc\u00e8ne ou en studio. Alors oui\u00a0: faire encore des albums et des concerts, on ne demande que \u00e7a.\u00a0\u00a0\u00bb<\/p>\n<p class=\"note\">Infos <a href=\"http:\/\/www.dub-inc.com\" target=\"_blank\" rel=\"noopener\">www.dub-inc.com<\/a><\/p>\n","protected":false},"excerpt":{"rendered":"En cette semaine de sortie d\u2019album, dans quel \u00e9tat d\u2019esprit \u00eates-vous\u00a0? \u00ab\u00a0On a pris du temps pour le&hellip;\n","protected":false},"author":2,"featured_media":564943,"comment_status":"","ping_status":"","sticky":false,"template":"","format":"standard","meta":{"footnotes":""},"categories":[9653],"tags":[1111,11,2430,1687,7539,1777,674,1011,27,873,12,25,4001,7538],"class_list":{"0":"post-564942","1":"post","2":"type-post","3":"status-publish","4":"format-standard","5":"has-post-thumbnail","7":"category-saint-etienne","8":"tag-actu","9":"tag-actualites","10":"tag-auvergne-rhone-alpes","11":"tag-culture-loisirs","12":"tag-edition-loire-sud","13":"tag-eu","14":"tag-europe","15":"tag-fr","16":"tag-france","17":"tag-musique","18":"tag-news","19":"tag-republique-francaise","20":"tag-saint-etienne","21":"tag-saint-etienne-ville"},"share_on_mastodon":{"url":"https:\/\/pubeurope.com\/@fr\/115628534945869762","error":""},"_links":{"self":[{"href":"https:\/\/www.europesays.com\/fr\/wp-json\/wp\/v2\/posts\/564942","targetHints":{"allow":["GET"]}}],"collection":[{"href":"https:\/\/www.europesays.com\/fr\/wp-json\/wp\/v2\/posts"}],"about":[{"href":"https:\/\/www.europesays.com\/fr\/wp-json\/wp\/v2\/types\/post"}],"author":[{"embeddable":true,"href":"https:\/\/www.europesays.com\/fr\/wp-json\/wp\/v2\/users\/2"}],"replies":[{"embeddable":true,"href":"https:\/\/www.europesays.com\/fr\/wp-json\/wp\/v2\/comments?post=564942"}],"version-history":[{"count":0,"href":"https:\/\/www.europesays.com\/fr\/wp-json\/wp\/v2\/posts\/564942\/revisions"}],"wp:featuredmedia":[{"embeddable":true,"href":"https:\/\/www.europesays.com\/fr\/wp-json\/wp\/v2\/media\/564943"}],"wp:attachment":[{"href":"https:\/\/www.europesays.com\/fr\/wp-json\/wp\/v2\/media?parent=564942"}],"wp:term":[{"taxonomy":"category","embeddable":true,"href":"https:\/\/www.europesays.com\/fr\/wp-json\/wp\/v2\/categories?post=564942"},{"taxonomy":"post_tag","embeddable":true,"href":"https:\/\/www.europesays.com\/fr\/wp-json\/wp\/v2\/tags?post=564942"}],"curies":[{"name":"wp","href":"https:\/\/api.w.org\/{rel}","templated":true}]}}