{"id":564956,"date":"2025-11-28T17:42:12","date_gmt":"2025-11-28T17:42:12","guid":{"rendered":"https:\/\/www.europesays.com\/fr\/564956\/"},"modified":"2025-11-28T17:42:12","modified_gmt":"2025-11-28T17:42:12","slug":"a-rouen-pour-les-fetes-il-y-aura-davantage-de-bus-et-metros-et-on-pourra-voyager-gratuitement","status":"publish","type":"post","link":"https:\/\/www.europesays.com\/fr\/564956\/","title":{"rendered":"\u00c0 Rouen, pour les f\u00eates, il y aura davantage de bus et m\u00e9tros, et on pourra voyager gratuitement"},"content":{"rendered":"<p>                    Par<br \/>\n        <strong><br \/>\n            <a href=\"https:\/\/actu.fr\/auteur\/adrien-filoche\" title=\"Consulter tous les articles de Adrien Filoche\" target=\"_blank\" rel=\"noopener\">Adrien Filoche<\/a><br \/>\n                    <\/strong><\/p>\n<p>        Publi\u00e9 le<\/p>\n<p>            28 nov. 2025 \u00e0 16h56        <\/p>\n<p>D\u00e9j\u00e0 gratuit le samedi toute l\u2019ann\u00e9e <a href=\"https:\/\/actu.fr\/normandie\/rouen_76540\/a-rouen-les-transports-gratuits-pour-les-moins-de-18-ans-a-la-rentree-comment-financer-cette-mesure_63084565.html\" target=\"_blank\" rel=\"noopener\">(et pour les moins de 18\u00a0ans depuis la rentr\u00e9e),<\/a> les transports en bus dans la <a href=\"https:\/\/actu.fr\/tag\/metropole-rouen\" target=\"_blank\" rel=\"noopener\">M\u00e9tropole de Rouen<\/a> seront \u00e9galement gratuits pour les usagers <strong>les dimanches de d\u00e9cembre qui pr\u00e9c\u00e9dent No\u00ebl.<\/strong> Cela concerne ainsi les dates du 1er, 8, 15 et 22\u00a0d\u00e9cembre 2025. Un bon moyen de profiter des <a href=\"https:\/\/actu.fr\/normandie\/rouen_76540\/patinoire-ephemere-grande-parade-illuminations-le-programme-des-animations-de-noel-a-rouen_63473134.html\" target=\"_blank\" rel=\"noopener\">animations propos\u00e9es \u00e0 Rouen<\/a> pendant les f\u00eates de fin d\u2019ann\u00e9e.<\/p>\n<p>Des bus gratuits et plus nombreux<\/p>\n<p class=\" wall-content\">\u00ab\u2009Cette d\u00e9marche volontaire de la M\u00e9tropole incite \u00e0 emprunter, en famille, les mobilit\u00e9s douces pour participer aux animations, fl\u00e2ner, partir \u00e0 la recherche du pr\u00e9sent id\u00e9al, sur tout le territoire m\u00e9tropolitain tout au long du mois de d\u00e9cembre\u2009!\u2009\u00bb, a pr\u00e9sent\u00e9 le maire de Rouen et pr\u00e9sident de la M\u00e9tropole <strong>Nicolas Mayer-Rossignol<\/strong> par voie de communiqu\u00e9.<\/p>\n<p class=\" wall-content\">En plus de la gratuit\u00e9, <strong>les bus seront renforc\u00e9s les dimanches apr\u00e8s-midi\u2009:<\/strong><\/p>\n<ul class=\" wall-content\">\n<li>plus de m\u00e9tros (une rame toutes les 7\u00a0minutes entre Boulingrin et Saint-Sever)\u2009;<\/li>\n<li>plus de T1, T2, T3 (un Teor toutes les 4\u00a0minutes entre Mont-Riboudet et CHU Charles-Nicolle)\u2009;<\/li>\n<li>deux fois plus de T4 (un toutes les 15\u00a0minutes)\u2009;<\/li>\n<li>deux fois plus de F1 (un bus toutes les 15\u00a0minutes et la mise en place de bus articul\u00e9s)\u2009;<\/li>\n<li>plus de F3 (un bus toutes les 28 minutes, correspondance avec un m\u00e9tro sur deux \u00e0 H\u00f4tel de Ville de Sotteville-l\u00e8s-Rouen, et desserte du centre commercial de Tourville-la-Rivi\u00e8re) ;<\/li>\n<li>plus de F4 (un bus toutes les 40\u00a0minutes et la mise en place de bus articul\u00e9s)\u2009;<\/li>\n<li>deux fois plus de F5 (un bus toutes les 17\u00a0minutes et la mise en place de bus articul\u00e9s)\u2009;<\/li>\n<li>plus de F6 (un bus toutes les 28\u00a0minutes) et correspondance avec un m\u00e9tro sur 2 \u00e0 Georges-Braque.<\/li>\n<\/ul>\n<p class=\" wall-content\">\u00c0 noter toutefois que <a href=\"https:\/\/actu.fr\/normandie\/rouen_76540\/la-fin-de-la-greve-des-transports-a-rouen-n-est-pas-pour-tout-de-suite-le-dialogue-est-au-point-mort_63452920.html\" target=\"_blank\" rel=\"noopener\">la gr\u00e8ve se poursuit chaque samedi<\/a>, occasionnant des perturbations plus ou moins importantes sur les lignes. Le pr\u00e9avis court jusqu\u2019\u00e0 la fin de l\u2019ann\u00e9e.<\/p>\n<p>Vid\u00e9os : en ce moment sur ActuSuivez l\u2019actualit\u00e9 de Rouen sur <a href=\"https:\/\/www.whatsapp.com\/channel\/0029VaKfnf99hXF2ddApFB1D\" target=\"_blank\" rel=\"noopener\">notre cha\u00eene WhatsApp<\/a> et sur <a href=\"https:\/\/www.tiktok.com\/@76actu.fr?lang=fr\" target=\"_blank\" rel=\"noopener\">notre compte TikTok<\/a><\/p>\n<p class=\" wall-content\">Personnalisez votre actualit\u00e9 en ajoutant vos villes et m\u00e9dias en favori avec <a href=\"https:\/\/moncompte.actu.fr\" title=\"D\u00e9couvez Mon Actu\" rel=\"nofollow noopener\" data-trk=\"{&quot;cta&quot;:{&quot;action&quot;:&quot;https:\\\/\\\/moncompte.actu.fr&quot;,&quot;category&quot;:&quot;mon compte&quot;,&quot;from&quot;:&quot;article footer&quot;,&quot;name&quot;:&quot;Mon actu&quot;,&quot;type&quot;:&quot;cta&quot;}}\" target=\"_blank\">Mon Actu<\/a>.<\/p>\n<p>                    <script async src=\"\/\/www.tiktok.com\/embed.js\"><\/script><\/p>\n","protected":false},"excerpt":{"rendered":"Par Adrien Filoche Publi\u00e9 le 28 nov. 2025 \u00e0 16h56 D\u00e9j\u00e0 gratuit le samedi toute l\u2019ann\u00e9e (et pour&hellip;\n","protected":false},"author":2,"featured_media":564957,"comment_status":"","ping_status":"","sticky":false,"template":"","format":"standard","meta":{"footnotes":""},"categories":[9587],"tags":[1111,11,1777,674,1011,27,9725,12,5161,25,9726,9590,104,2803],"class_list":{"0":"post-564956","1":"post","2":"type-post","3":"status-publish","4":"format-standard","5":"has-post-thumbnail","7":"category-rouen","8":"tag-actu","9":"tag-actualites","10":"tag-eu","11":"tag-europe","12":"tag-fr","13":"tag-france","14":"tag-metropole-rouen","15":"tag-news","16":"tag-normandie","17":"tag-republique-francaise","18":"tag-reseau-astuce-tcar","19":"tag-rouen","20":"tag-societe","21":"tag-transport"},"share_on_mastodon":{"url":"https:\/\/pubeurope.com\/@fr\/115628562558130763","error":""},"_links":{"self":[{"href":"https:\/\/www.europesays.com\/fr\/wp-json\/wp\/v2\/posts\/564956","targetHints":{"allow":["GET"]}}],"collection":[{"href":"https:\/\/www.europesays.com\/fr\/wp-json\/wp\/v2\/posts"}],"about":[{"href":"https:\/\/www.europesays.com\/fr\/wp-json\/wp\/v2\/types\/post"}],"author":[{"embeddable":true,"href":"https:\/\/www.europesays.com\/fr\/wp-json\/wp\/v2\/users\/2"}],"replies":[{"embeddable":true,"href":"https:\/\/www.europesays.com\/fr\/wp-json\/wp\/v2\/comments?post=564956"}],"version-history":[{"count":0,"href":"https:\/\/www.europesays.com\/fr\/wp-json\/wp\/v2\/posts\/564956\/revisions"}],"wp:featuredmedia":[{"embeddable":true,"href":"https:\/\/www.europesays.com\/fr\/wp-json\/wp\/v2\/media\/564957"}],"wp:attachment":[{"href":"https:\/\/www.europesays.com\/fr\/wp-json\/wp\/v2\/media?parent=564956"}],"wp:term":[{"taxonomy":"category","embeddable":true,"href":"https:\/\/www.europesays.com\/fr\/wp-json\/wp\/v2\/categories?post=564956"},{"taxonomy":"post_tag","embeddable":true,"href":"https:\/\/www.europesays.com\/fr\/wp-json\/wp\/v2\/tags?post=564956"}],"curies":[{"name":"wp","href":"https:\/\/api.w.org\/{rel}","templated":true}]}}