{"id":564960,"date":"2025-11-28T17:45:23","date_gmt":"2025-11-28T17:45:23","guid":{"rendered":"https:\/\/www.europesays.com\/fr\/564960\/"},"modified":"2025-11-28T17:45:23","modified_gmt":"2025-11-28T17:45:23","slug":"un-couple-de-trentenaires-retrouve-mort-dans-une-villa-pres-de-grenoble-la-piste-dun-feminicide-suivi-dun-suicide-privilegiee","status":"publish","type":"post","link":"https:\/\/www.europesays.com\/fr\/564960\/","title":{"rendered":"Un couple de trentenaires retrouv\u00e9 mort dans une villa pr\u00e8s de Grenoble, la piste d\u2019un f\u00e9minicide suivi d\u2019un suicide privil\u00e9gi\u00e9e"},"content":{"rendered":"<p class=\"fs-5 \"><strong>La macabre d\u00e9couverte a \u00e9t\u00e9 r\u00e9alis\u00e9e<\/strong> vers 17H30 dans une villa de la petite commune d\u2019Apprieu, situ\u00e9e \u00e0 une trentaine de kilom\u00e8tres au nord-ouest de Grenoble, <strong>par la soeur de la femme<\/strong>. Cette derni\u00e8re pr\u00e9sentait <strong>sur le corps \u00ab\u00a0des blessures par arme \u00e0 feu\u00a0<\/strong>\u00bb, retrouv\u00e9es \u00e9galement sur le corps de son compagnon, a pr\u00e9cis\u00e9 une source proche du dossier \u00e0 l\u2019AFP.<\/p>\n<p class=\"fs-5 \">Selon la procureure de Bourgoin-Jallieu, Nathalie Hermitte, les enqu\u00eateurs privil\u00e9gient la piste d\u2019un f\u00e9minicide suivi d\u2019un suicide.<\/p>\n<p class=\"fs-5 \"><strong>\u00ab\u00a0Il n\u2019y a pas d\u2019autres \u00e9l\u00e9ments qui pourraient laisser penser que ce soit un \u00e9l\u00e9ment ext\u00e9rieur ou un cambriolage qui aurait mal tourn\u00e9\u00a0\u00bb<\/strong>, a avanc\u00e9 la source proche du dossier.<\/p>\n<p>            <img src=\"https:\/\/www.europesays.com\/fr\/wp-content\/uploads\/2025\/11\/1bd47d6_upload-from-url-1-d5lricxbvnu5-data-art-16656038.jpg\"   loading=\"lazy\" decoding=\"async\" alt=\"\u00c0 gauche : une marche blanche a \u00e9t\u00e9 organis\u00e9e le 8 novembre dernier \u00e0 la m\u00e9moire d\u2019Isabelle Braems, 43 ans, tu\u00e9e le 11 octobre par son ex-compagnon \u00e0 Grasse. \u00c0 droite : plus de mille personnes ont r\u00e9pondu \u00e0 l\u2019appel du Collectif droit des femmes samedi et ont manifest\u00e9 \u00e0 Nice pour faire entendre leur col\u00e8re.  \" class=\"img-fluid position-absolute w-100 object-fit-cover rounded-2\" width=\"600\" height=\"400\"\/><\/p>\n<p>                                                                                \u00ab\u00a0Une arme \u00e0 feu et une arme blanche\u00a0\u00bb retrouv\u00e9es<\/p>\n<p class=\"fs-5 \">\u00ab\u00a0Une arme \u00e0 feu et une arme blanche\u00a0\u00bb ont \u00e9t\u00e9 retrouv\u00e9es sur les lieux par les gendarmes, dont une \u00e9quipe de techniciens en identification criminelle s\u2019est d\u00e9plac\u00e9e sur les lieux depuis Grenoble, a-t-elle ajout\u00e9.<\/p>\n<p class=\"fs-5 \">Les pompiers, qui n\u2019ont pu que constater le d\u00e9c\u00e8s du couple, ont pris en charge la soeur de la trentenaire ainsi que leur m\u00e8re, venue \u00e9galement sur les lieux.<\/p>\n<p class=\"fs-5 \">L\u2019enqu\u00eate, ouverte par le parquet de Bourgoin-Jallieu, a \u00e9t\u00e9 confi\u00e9e aux gendarmes de la brigade de recherches de la Tour-du-Pin. L\u2019autopsie des deux corps est \u00e9galement pr\u00e9vue.<\/p>\n<p class=\"fs-5 \">Dans la r\u00e9gion, le compagnon d\u2019une femme dont le corps avait \u00e9t\u00e9 d\u00e9couvert calcin\u00e9 dans une voiture le 19 novembre \u00e0 Saint-Marcel-Bel-Accueil (Is\u00e8re) a \u00e9t\u00e9 mis en examen pour \u00ab\u00a0homicide sur conjoint\u00a0\u00bb, avait annonc\u00e9 dimanche le procureur de Grenoble.<\/p>\n<p class=\"fs-5 \">Chaque jour en France, plus de trois femmes sont victimes de f\u00e9minicide ou tentative de f\u00e9minicide conjugal, un chiffre en hausse sur un an, selon les donn\u00e9es de 2024 de la mission interminist\u00e9rielle pour la protection des femmes (Miprof) publi\u00e9es le 20 novembre, quelques jours avant la journ\u00e9e internationale de lutte contre les violences faites aux femmes qui a eu lieu mardi.<\/p>\n","protected":false},"excerpt":{"rendered":"La macabre d\u00e9couverte a \u00e9t\u00e9 r\u00e9alis\u00e9e vers 17H30 dans une villa de la petite commune d\u2019Apprieu, situ\u00e9e \u00e0&hellip;\n","protected":false},"author":2,"featured_media":564961,"comment_status":"","ping_status":"","sticky":false,"template":"","format":"standard","meta":{"footnotes":""},"categories":[9566],"tags":[1111,11,2430,1777,674,1011,27,2731,12,25],"class_list":{"0":"post-564960","1":"post","2":"type-post","3":"status-publish","4":"format-standard","5":"has-post-thumbnail","7":"category-grenoble","8":"tag-actu","9":"tag-actualites","10":"tag-auvergne-rhone-alpes","11":"tag-eu","12":"tag-europe","13":"tag-fr","14":"tag-france","15":"tag-grenoble","16":"tag-news","17":"tag-republique-francaise"},"share_on_mastodon":{"url":"https:\/\/pubeurope.com\/@fr\/115628575214979976","error":""},"_links":{"self":[{"href":"https:\/\/www.europesays.com\/fr\/wp-json\/wp\/v2\/posts\/564960","targetHints":{"allow":["GET"]}}],"collection":[{"href":"https:\/\/www.europesays.com\/fr\/wp-json\/wp\/v2\/posts"}],"about":[{"href":"https:\/\/www.europesays.com\/fr\/wp-json\/wp\/v2\/types\/post"}],"author":[{"embeddable":true,"href":"https:\/\/www.europesays.com\/fr\/wp-json\/wp\/v2\/users\/2"}],"replies":[{"embeddable":true,"href":"https:\/\/www.europesays.com\/fr\/wp-json\/wp\/v2\/comments?post=564960"}],"version-history":[{"count":0,"href":"https:\/\/www.europesays.com\/fr\/wp-json\/wp\/v2\/posts\/564960\/revisions"}],"wp:featuredmedia":[{"embeddable":true,"href":"https:\/\/www.europesays.com\/fr\/wp-json\/wp\/v2\/media\/564961"}],"wp:attachment":[{"href":"https:\/\/www.europesays.com\/fr\/wp-json\/wp\/v2\/media?parent=564960"}],"wp:term":[{"taxonomy":"category","embeddable":true,"href":"https:\/\/www.europesays.com\/fr\/wp-json\/wp\/v2\/categories?post=564960"},{"taxonomy":"post_tag","embeddable":true,"href":"https:\/\/www.europesays.com\/fr\/wp-json\/wp\/v2\/tags?post=564960"}],"curies":[{"name":"wp","href":"https:\/\/api.w.org\/{rel}","templated":true}]}}