{"id":564962,"date":"2025-11-28T17:46:14","date_gmt":"2025-11-28T17:46:14","guid":{"rendered":"https:\/\/www.europesays.com\/fr\/564962\/"},"modified":"2025-11-28T17:46:14","modified_gmt":"2025-11-28T17:46:14","slug":"une-petition-contre-la-hausse-des-frais-dinscription-a-grenoble-inp","status":"publish","type":"post","link":"https:\/\/www.europesays.com\/fr\/564962\/","title":{"rendered":"Une p\u00e9tition contre la hausse des frais d&rsquo;inscription \u00e0 Grenoble INP"},"content":{"rendered":"<p>\t\t\t\t\tEN BREF \u2013 La pr\u00e9\u00adsi\u00addence de l\u2019Universit\u00e9 Grenoble-Alpes (UGA) envi\u00adsa\u00adge\u00adrait d\u2019aug\u00admen\u00adter les frais d\u2019ins\u00adcrip\u00adtion des \u00e9tu\u00addiants de Grenoble Institut natio\u00adnal poly\u00adtech\u00adnique (INP-UGA). Ce que d\u00e9noncent plu\u00adsieurs syn\u00addi\u00adcats via une p\u00e9ti\u00adtion en ligne, selon laquelle le pro\u00adjet consis\u00adte\u00adrait \u00e0 modu\u00adler les frais en ques\u00adtion en fonc\u00adtion des reve\u00adnus des parents. De quoi cr\u00e9er une \u00ab\u00a0rup\u00adture d\u2019\u00e9\u00adga\u00adlit\u00e9\u00a0\u00bb et nuire \u00e0 l\u2019au\u00adto\u00adno\u00admie des jeunes, jugent les orga\u00adni\u00adsa\u00adtions syndicales.<\/p>\n<p>Les frais d\u2019ins\u00adcrip\u00adtion vont-ils aug\u00admen\u00adter pour les \u00e9tu\u00addiants de Grenoble INP-UGA\u00a0? C\u2019est en tout cas ce que redoutent for\u00adte\u00adment des orga\u00adni\u00adsa\u00adtions syn\u00addi\u00adcales de l\u2019Universit\u00e9 Grenoble-Alpes, secon\u00add\u00e9es par les \u00e9lus \u00e9tu\u00addiants de son Cevu et de son conseil d\u2019ad\u00admi\u00adnis\u00adtra\u00adtion. La <a href=\"http:\/\/CGT.fr\" target=\"_blank\" rel=\"noopener\">CGT<\/a>, la <a href=\"http:\/\/CFDT.fr\" target=\"_blank\" rel=\"noopener\">CFDT<\/a>, la <a href=\"http:\/\/fsu.fr\" target=\"_blank\" rel=\"noopener\">FSU<\/a> et le <a href=\"https:\/\/www.snptes.fr\/\" target=\"_blank\" rel=\"noopener\">SNPTES-Unsa<\/a> ont ainsi <a href=\"https:\/\/framapetitions.org\/petition\/org\/intersyndicale-grenoble-inp-uga\/non-a-la-hausse-des-frais-dinscription-a-grenoble-inp-uga\" target=\"_blank\" rel=\"noopener\">mis en ligne une p\u00e9ti\u00adtion<\/a> pour dire non \u00e0 cette hausse annon\u00adc\u00e9e. Le 28 novembre au soir, plus de 480 signa\u00adtures avaient \u00e9t\u00e9 enregistr\u00e9es.<\/p>\n<p>\u00ab\u00a0La pr\u00e9\u00adsi\u00addence de Grenoble INP-UGA a r\u00e9cem\u00adment fait part dans dif\u00adf\u00e9\u00adrentes ins\u00adtances de son pro\u00adjet d\u2019augmenter signi\u00adfi\u00adca\u00adti\u00adve\u00adment les frais d\u2019inscription\u00a0\u00bb, indique le texte de la p\u00e9ti\u00adtion en ques\u00adtion. Plus pr\u00e9\u00adci\u00ads\u00e9\u00adment, le pro\u00adjet consis\u00adte\u00adrait \u00e0 adap\u00adter les tarifs en fonc\u00adtion des reve\u00adnus des parents, \u00ab\u00a0avec un niveau maxi\u00admal de l\u2019ordre de 6\u00a0000\u00a0euros pour les plus hauts reve\u00adnus\u00a0\u00bb, indiquent les syndicats.<\/p>\n<p><a href=\"https:\/\/www.europesays.com\/fr\/wp-content\/uploads\/2025\/11\/Grenoble-INP-Genie-industriel-\u00a9-Grenoble-INP.jpg\" target=\"_blank\" rel=\"noopener\"><img fetchpriority=\"high\" decoding=\"async\" aria-describedby=\"caption-attachment-551805\" class=\"wp-image-551805 size-full\" src=\"data:image\/svg+xml,%3Csvg%20xmlns=\" http:=\"\" alt=\"L'\u00e9cole G\u00e9nie industriel de Grenoble INP-UGA. Les frais d'inscription des \u00e9tudiants de l'institut polytechnique seront-ils bient\u00f4t modul\u00e9s sur les revenus des parents? DR\" width=\"1000\" height=\"665\" data-lazy- data-lazy- data-lazy-src=\"https:\/\/www.europesays.com\/fr\/wp-content\/uploads\/2025\/11\/Grenoble-INP-Genie-industriel-\u00a9-Grenoble-INP.jpg\"\/><\/a><\/p>\n<p id=\"caption-attachment-551805\" class=\"wp-caption-text\">Ecole G\u00e9nie indus\u00adtriel de Grenoble INP-UGA. Les frais d\u2019ins\u00adcrip\u00adtion des \u00e9tu\u00addiants de l\u2019ins\u00adti\u00adtut poly\u00adtech\u00adnique seront-ils bien\u00adt\u00f4t modu\u00adl\u00e9s sur les reve\u00adnus des parents\u00a0?\u00a0DR<\/p>\n<p>Objectif affi\u00adch\u00e9\u00a0? Obtenir \u00ab\u00a0une res\u00adsource com\u00adpl\u00e9\u00admen\u00adtaire de 6 mil\u00adlions d\u2019eu\u00adros\u00a0\u00bb. Une source de finan\u00adce\u00adment que refusent les orga\u00adni\u00adsa\u00adtions syn\u00addi\u00adcales, pour qui une telle mesure irait \u00ab\u00a0\u00e0 l\u2019encontre du prin\u00adcipe de gra\u00adtuit\u00e9 de l\u2019enseignement sup\u00e9\u00adrieur\u00a0\u00bb. Et de citer l\u2019ar\u00adticle 13 du pr\u00e9\u00adam\u00adbule de la Constitution du 27 octobre 1946\u00a0: \u00ab\u00a0L\u2019organisation de l\u2019en\u00adsei\u00adgne\u00adment public gra\u00adtuit et la\u00efque \u00e0 tous les degr\u00e9s est un devoir de l\u2019\u00c9tat.\u00a0\u00bb<\/p>\n<p>Par ailleurs, les syn\u00addi\u00adcats estiment que cette nou\u00advelle logique de modu\u00adla\u00adtion des frais d\u2019ins\u00adcrip\u00adtion consti\u00adtue\u00adrait \u00ab\u00a0une rup\u00adture de l\u2019\u00e9\u00adga\u00adlit\u00e9 d\u2019ac\u00adc\u00e8s au ser\u00advice public\u00a0\u00bb et \u00ab\u00a0limi\u00adte\u00adrait l\u2019au\u00adto\u00adno\u00admie des nos \u00e9tu\u00addiants et leurs choix d\u2019a\u00adve\u00adnir\u00a0\u00bb. Cela revien\u00addrait en outre \u00e0 leur faire por\u00adter le poids du \u00ab\u00a0d\u00e9sen\u00adga\u00adge\u00adment de l\u2019\u00c9tat [\u2026] de l\u2019enseignement sup\u00e9\u00adrieur\u00a0\u00bb, en com\u00adpen\u00adsant les baisses de dota\u00adtion, voire en les favorisant.<\/p>\n<p>Les syn\u00addi\u00adcats appellent \u00e0 la mobi\u00adli\u00adsa\u00adtion pour que la pr\u00e9\u00adsi\u00addence retire son projet<\/p>\n<p>Alors que le pro\u00adjet de hausse des frais d\u2019ins\u00adcrip\u00adtion pour\u00adrait \u00eatre pr\u00e9\u00adsent\u00e9 au conseil d\u2019ad\u00admi\u00adnis\u00adtra\u00adtion de l\u2019UGA du mois de d\u00e9cembre, les syn\u00addi\u00adcats appellent les \u00e9tu\u00addiants et les per\u00adson\u00adnels \u00ab\u00a0\u00e0 la plus grande mobi\u00adli\u00adsa\u00adtion afin que la pr\u00e9\u00adsi\u00addence retire son pro\u00adjet\u00a0\u00bb. Et r\u00e9clament le main\u00adtien des mon\u00adtants fix\u00e9s par le bar\u00e8me natio\u00adnal du minis\u00adt\u00e8re de l\u2019Enseignement sup\u00e9\u00adrieur, soit 628\u00a0euros par an pour les \u00e9coles d\u2019ing\u00e9nierie.<\/p>\n<p>Initialement entit\u00e9 uni\u00adver\u00adsi\u00adtaire ind\u00e9\u00adpen\u00addante, l\u2019Institut poly\u00adtech\u00adnique de Grenoble est entr\u00e9 dans le giron de l\u2019Universit\u00e9 Grenoble-Alpes en 2020, dans le cadre du <a href=\"https:\/\/www.placegrenet.fr\/2019\/07\/18\/universite-grenoble-alpes-etablissement-public-experimental\/531066\" target=\"_blank\" rel=\"noopener\">chan\u00adge\u00adment d\u2019\u00e9\u00adchelle<\/a> de cette der\u00adni\u00e8re. Les mis\u00adsions de l\u2019\u00e9\u00adta\u00adblis\u00adse\u00adment n\u2019ont, pour leur part, pas chang\u00e9, l\u2019INP conti\u00adnuant de pro\u00adpo\u00adser, via ses dif\u00adf\u00e9\u00adrentes \u00e9coles, des for\u00adma\u00adtions tech\u00adniques et mana\u00adg\u00e9\u00adriales de pointe \u00e0 plus de 8\u00a0000 \u00e9tu\u00addiants chaque ann\u00e9e.<\/p>\n<blockquote>\n<p>Sollicit\u00e9e par Place Gre\u2019net, l\u2019Universit\u00e9 Grenoble-Alpes n\u2019a pas (encore) donn\u00e9 suite \u00e0 notre demande de r\u00e9action.<\/p>\n<\/blockquote>\n","protected":false},"excerpt":{"rendered":"EN BREF \u2013 La pr\u00e9\u00adsi\u00addence de l\u2019Universit\u00e9 Grenoble-Alpes (UGA) envi\u00adsa\u00adge\u00adrait d\u2019aug\u00admen\u00adter les frais d\u2019ins\u00adcrip\u00adtion des \u00e9tu\u00addiants de Grenoble&hellip;\n","protected":false},"author":2,"featured_media":564963,"comment_status":"","ping_status":"","sticky":false,"template":"","format":"standard","meta":{"footnotes":""},"categories":[9566],"tags":[1111,11,2430,1777,674,1011,27,2731,12,25],"class_list":{"0":"post-564962","1":"post","2":"type-post","3":"status-publish","4":"format-standard","5":"has-post-thumbnail","7":"category-grenoble","8":"tag-actu","9":"tag-actualites","10":"tag-auvergne-rhone-alpes","11":"tag-eu","12":"tag-europe","13":"tag-fr","14":"tag-france","15":"tag-grenoble","16":"tag-news","17":"tag-republique-francaise"},"share_on_mastodon":{"url":"https:\/\/pubeurope.com\/@fr\/115628578280632525","error":""},"_links":{"self":[{"href":"https:\/\/www.europesays.com\/fr\/wp-json\/wp\/v2\/posts\/564962","targetHints":{"allow":["GET"]}}],"collection":[{"href":"https:\/\/www.europesays.com\/fr\/wp-json\/wp\/v2\/posts"}],"about":[{"href":"https:\/\/www.europesays.com\/fr\/wp-json\/wp\/v2\/types\/post"}],"author":[{"embeddable":true,"href":"https:\/\/www.europesays.com\/fr\/wp-json\/wp\/v2\/users\/2"}],"replies":[{"embeddable":true,"href":"https:\/\/www.europesays.com\/fr\/wp-json\/wp\/v2\/comments?post=564962"}],"version-history":[{"count":0,"href":"https:\/\/www.europesays.com\/fr\/wp-json\/wp\/v2\/posts\/564962\/revisions"}],"wp:featuredmedia":[{"embeddable":true,"href":"https:\/\/www.europesays.com\/fr\/wp-json\/wp\/v2\/media\/564963"}],"wp:attachment":[{"href":"https:\/\/www.europesays.com\/fr\/wp-json\/wp\/v2\/media?parent=564962"}],"wp:term":[{"taxonomy":"category","embeddable":true,"href":"https:\/\/www.europesays.com\/fr\/wp-json\/wp\/v2\/categories?post=564962"},{"taxonomy":"post_tag","embeddable":true,"href":"https:\/\/www.europesays.com\/fr\/wp-json\/wp\/v2\/tags?post=564962"}],"curies":[{"name":"wp","href":"https:\/\/api.w.org\/{rel}","templated":true}]}}