{"id":564964,"date":"2025-11-28T17:47:20","date_gmt":"2025-11-28T17:47:20","guid":{"rendered":"https:\/\/www.europesays.com\/fr\/564964\/"},"modified":"2025-11-28T17:47:20","modified_gmt":"2025-11-28T17:47:20","slug":"elles-ne-veulent-pas-du-black-friday-ces-commercantes-du-centre-ville-de-rennes-proposent-une-alternative","status":"publish","type":"post","link":"https:\/\/www.europesays.com\/fr\/564964\/","title":{"rendered":"Elles ne veulent pas du Black Friday\u00a0: ces commer\u00e7antes du centre-ville de Rennes proposent une alternative"},"content":{"rendered":"<p>\u00ab Moins 50 % \u00bb, annonce une pastille noire. \u00ab Black Week \u00bb, affiche une autre. Pas de doute, dans certaines vitrines du centre-ville de Rennes, ce vendredi 28 novembre, le Black Friday, journ\u00e9e de consommation mondiale, est bien ancr\u00e9e. Mais pas pour Clarisse Lecointe, <a href=\"https:\/\/www.letelegramme.fr\/ille-et-vilaine\/rennes-35000\/il-faut-sauver-nos-petits-commerces-en-bretagne-ce-maire-veut-empecher-les-grandes-surfaces-douvrir-le-dimanche-6915857.php\" target=\"_blank\" rel=\"noopener\">g\u00e9rante du magasin<\/a> de v\u00eatements et chaussures Stories. La commer\u00e7ante a d\u00e9cid\u00e9 d\u2019organiser un Pink Friday, \u00ab un vendredi rose \u00bb. \u00ab On a eu l\u2019id\u00e9e hier soir, ce n\u2019\u00e9tait pas pr\u00e9m\u00e9dit\u00e9 \u00bb, assure la commer\u00e7ante.<\/p>\n<p>L\u2019id\u00e9e de cette action \u00e9ph\u00e9m\u00e8re se r\u00e9sume en quelques mots sur une affichette rose : \u00ab Pas de remises, juste l\u2019amour de vos commer\u00e7ants ind\u00e9pendants. \u00bb Derri\u00e8re cette op\u00e9ration, la volont\u00e9 de sortir de l\u2019aspect promotionnel de ce \u00ab vendredi noir \u00bb. \u00ab L\u2019int\u00e9r\u00eat est d\u2019ouvrir le regard sur les ind\u00e9pendants du centre-ville. C\u2019est un message de soutien. \u00bb Elle pointe aussi la surench\u00e8re de ce mouvement : \u00ab Normalement, le Black Friday, c\u2019est une journ\u00e9e. L\u00e0, c\u2019est depuis plusieurs semaines, et, hier il y avait d\u00e9j\u00e0 des promos partout \u00bb<\/p>\n<blockquote class=\"instagram-media\" data-instgrm-captioned=\"\" data-instgrm-permalink=\"https:\/\/www.instagram.com\/reel\/DRmUn9uDJzw\/?utm_source=ig_embed&amp;utm_campaign=loading\" data-instgrm-version=\"14\" style=\" background:#FFF; border:0; border-radius:3px; box-shadow:0 0 1px 0 rgba(0,0,0,0.5),0 1px 10px 0 rgba(0,0,0,0.15); margin: 1px; max-width:540px; min-width:326px; padding:0; width:99.375%; width:-webkit-calc(100% - 2px); width:calc(100% - 2px);\"\/><p>Le centre-ville impact\u00e9 ?<\/p>\n<p>Pour Clarisse Lecointe, ces offres au rabais, notamment pratiqu\u00e9es par les grandes enseignes d\u00e9sint\u00e9ressent \u00ab les clients du centre-ville \u00bb. Anne-Claire Echelard, g\u00e9rante du magasin de jouets pour enfants La Maison de Zazou, abonde dans ce sens : \u00ab Les gens restent dans leur canap\u00e9 pendant cette p\u00e9riode. C\u2019est plus facile sur Internet. \u00bb<\/p>\n<p>Les deux femmes ne veulent pas pour autant jouer la carte de la culpabilit\u00e9 envers les consommateurs. \u00ab Si on a d\u00e9cid\u00e9 d\u2019acheter quelque chose \u00e0 150 \u20ac et qu\u2019on le voit \u00e0 100 \u20ac, on ne peut pas juger la personne si elle ach\u00e8te \u00bb, estime Anne Claire Echelard. \u00ab Nous ne sommes pas l\u00e0 pour \u00eatre contre les grandes enseignes, mais pour proposer autre chose comme le conseil \u00bb, nuance Clarisse Lecointe.<\/p>\n<p>La question des marges<\/p>\n<p>Quelques rues plus loin, Anne-Lise Surget, g\u00e9rante de la boutique \u00e9co-responsable \u00c9l\u00e9mentaire, s\u2019est tr\u00e8s vite align\u00e9e sur l\u2019op\u00e9ration ce matin. \u00ab Quand on est commer\u00e7ant ind\u00e9pendant, on ne peut pas faire des promotions tous les deux mois. Puis, j\u2019ai des marques que je vends qui ne font pas le Black Friday, donc je ne me vois pas le faire non plus. Et aussi, aucun client me demande si je le fais. \u00bb<\/p>\n<p>\u201cOn ne peut pas se permettre dans notre situation de le faire en raison de nos petites marges, explique <a href=\"https:\/\/www.letelegramme.fr\/ille-et-vilaine\/rennes-35000\/les-fleuristes-de-rennes-ne-connaissent-pas-la-crise-1-4-183249.php\" target=\"_blank\" rel=\"noopener\">Mathilde Leli\u00e8vre qui tient la boutique de design v\u00e9g\u00e9tal Succulente,<\/a> situ\u00e9e rue Bertrand. On ne va pas se mettre en difficult\u00e9.\u201d<\/p>\n<p>La valeur de l\u2019objet<\/p>\n<p>\u00ab Toute l\u2019ann\u00e9e, on essaie de vendre \u00e0 un prix juste les produits et on sensibilise la client\u00e8le dessus \u00bb, rel\u00e8ve Mathilde Leli\u00e8vre. Un point de vue partag\u00e9 par Anne-Lise Surget. \u00ab Ces promotions enl\u00e8vent de la valeur \u00e0 l\u2019objet et aux personnes qui les fabriquent. Et il y a un grand \u00e9cart qui se creuse alors entre les petites enseignes et les grandes marques. \u00bb<\/p>\n<p><img decoding=\"async\" src=\"https:\/\/www.europesays.com\/fr\/wp-content\/uploads\/2025\/11\/6929dc2130d73649dc013e74.1.jpeg\" width=\"480\" height=\"300\" class=\"web_golden_m\" loading=\"lazy\" alt=\"Anne-Lise Surget a rejoint cette journ\u00e9e du Pink Friday.\"\/>Anne-Lise Surget a rejoint cette journ\u00e9e du Pink Friday. (Le T\u00e9l\u00e9gramme\/Jean-Fran\u00e7ois Chesnay)<\/p>\n<p>Ce dimanche, pour jouer les prolongations de ce vendredi noir, plusieurs commerces ouvriront leurs portes dans la capitale bretonne. Le groupe de commer\u00e7antes ind\u00e9pendantes ne se joindra pas \u00e0 cette op\u00e9ration : \u00ab On sait qu\u2019on rentre d\u00e9j\u00e0 dans une p\u00e9riode de surconsommation \u00e0 l\u2019approche de Noel et qu\u2019on ach\u00e8te des produits dont on n\u2019a pas forc\u00e9ment besoin \u00bb, raisonne Anne-Lise Surget. Pour Anne-Claire Echelard : \u00ab Le P\u00e8re Noel travaille \u00e0 temps plein et lui, il ne fait pas de remises. \u00bb<\/p>\n<p><script async src=\"\/\/www.instagram.com\/embed.js\"><\/script><\/p>\n","protected":false},"excerpt":{"rendered":"\u00ab Moins 50 % \u00bb, annonce une pastille noire. \u00ab Black Week \u00bb, affiche une autre. Pas de&hellip;\n","protected":false},"author":2,"featured_media":564965,"comment_status":"","ping_status":"","sticky":false,"template":"","format":"standard","meta":{"footnotes":""},"categories":[2821],"tags":[1111,11,829,2033,1777,674,1011,27,848,12,50972,584,25],"class_list":{"0":"post-564964","1":"post","2":"type-post","3":"status-publish","4":"format-standard","5":"has-post-thumbnail","7":"category-rennes","8":"tag-actu","9":"tag-actualites","10":"tag-bretagne","11":"tag-commerces-a-rennes","12":"tag-eu","13":"tag-europe","14":"tag-fr","15":"tag-france","16":"tag-ille-et-vilaine","17":"tag-news","18":"tag-newsletter-la-rennes-quotidienne","19":"tag-rennes","20":"tag-republique-francaise"},"share_on_mastodon":{"url":"https:\/\/pubeurope.com\/@fr\/115628583203524741","error":""},"_links":{"self":[{"href":"https:\/\/www.europesays.com\/fr\/wp-json\/wp\/v2\/posts\/564964","targetHints":{"allow":["GET"]}}],"collection":[{"href":"https:\/\/www.europesays.com\/fr\/wp-json\/wp\/v2\/posts"}],"about":[{"href":"https:\/\/www.europesays.com\/fr\/wp-json\/wp\/v2\/types\/post"}],"author":[{"embeddable":true,"href":"https:\/\/www.europesays.com\/fr\/wp-json\/wp\/v2\/users\/2"}],"replies":[{"embeddable":true,"href":"https:\/\/www.europesays.com\/fr\/wp-json\/wp\/v2\/comments?post=564964"}],"version-history":[{"count":0,"href":"https:\/\/www.europesays.com\/fr\/wp-json\/wp\/v2\/posts\/564964\/revisions"}],"wp:featuredmedia":[{"embeddable":true,"href":"https:\/\/www.europesays.com\/fr\/wp-json\/wp\/v2\/media\/564965"}],"wp:attachment":[{"href":"https:\/\/www.europesays.com\/fr\/wp-json\/wp\/v2\/media?parent=564964"}],"wp:term":[{"taxonomy":"category","embeddable":true,"href":"https:\/\/www.europesays.com\/fr\/wp-json\/wp\/v2\/categories?post=564964"},{"taxonomy":"post_tag","embeddable":true,"href":"https:\/\/www.europesays.com\/fr\/wp-json\/wp\/v2\/tags?post=564964"}],"curies":[{"name":"wp","href":"https:\/\/api.w.org\/{rel}","templated":true}]}}