{"id":564966,"date":"2025-11-28T17:48:22","date_gmt":"2025-11-28T17:48:22","guid":{"rendered":"https:\/\/www.europesays.com\/fr\/564966\/"},"modified":"2025-11-28T17:48:22","modified_gmt":"2025-11-28T17:48:22","slug":"meteo-rennes-week-end-pluie-samedi-sec-dimanche","status":"publish","type":"post","link":"https:\/\/www.europesays.com\/fr\/564966\/","title":{"rendered":"M\u00e9t\u00e9o Rennes week-end : pluie samedi, sec dimanche"},"content":{"rendered":"<p>\n            Publi\u00e9 le 28-11-2025 \u00e0 17:48        <\/p>\n<p>            <img decoding=\"async\" class=\"page_photo\" src=\"https:\/\/www.rennes-scope.com\/photos\/meteo-a-rennes-pour-ce-week-end-des-29-et-30-novembre-2025-un-samedi-tres-pluvieux-un-dimanche-plus-calme.webp\" alt=\"M\u00e9t\u00e9o \u00e0 Rennes pour ce week-end des 29 et 30 novembre 2025 : un samedi tr\u00e8s pluvieux, un dimanche plus calme\" loading=\"lazy\"\/><\/p>\n<p>Cr\u00e9dit : Pexels<\/p>\n<p>Un week-end contrast\u00e9 \u00e0 Rennes entre fortes pluies samedi et temps sec dimanche.<\/p>\n<p>\n                                D\u00e9couvrez les pr\u00e9visions m\u00e9t\u00e9o compl\u00e8tes \u00e0 Rennes pour ce week-end avec de la pluie samedi et un temps plus sec mais froid dimanche.            <\/p>\n<p>La m\u00e9t\u00e9o \u00e0 Rennes ce week-end s\u2019annonce tr\u00e8s contrast\u00e9e, selon les derni\u00e8res pr\u00e9visions m\u00e9t\u00e9o du site <a href=\"https:\/\/openweathermap.org\/\" target=\"_blank\" rel=\"noopener noreferrer\">Openweather Map<\/a>. Si samedi sera marqu\u00e9 par <b>une forte d\u00e9gradation<\/b>, dimanche offrira un temps plus sec mais <b>nettement plus froid<\/b>.<\/p>\n<p>        Samedi 29 novembre 2025 : pluie et rafales au programme<\/p>\n<p>Samedi, la m\u00e9t\u00e9o sera largement perturb\u00e9e. D\u00e8s la fin de matin\u00e9e, des pluies faibles feront leur apparition, avant de devenir plus soutenues dans l\u2019apr\u00e8s-midi, avec localement plus de <b>4 mm de pr\u00e9cipitations en quelques heures<\/b>. Les temp\u00e9ratures resteront fra\u00eeches, comprises entre <b>8 et 12\u00b0C<\/b>, sous un ciel totalement couvert. Le vent soufflera de mani\u00e8re soutenue, avec des rafales pouvant atteindre 45 km\/h. Bref, les sorties en ext\u00e9rieur seront difficiles samedi apr\u00e8s-midi \u00e0 Rennes. Pour cela, on vous a pr\u00e9parer <a href=\"https:\/\/www.rennes-scope.com\/article\/655-cinema-musique-expos-que-faire-a-rennes-ce-week-end-du-28-au-30-novembre-2025\" target=\"_blank\" rel=\"noopener\">une s\u00e9lection de sorties en int\u00e9rieur pour le week-end<\/a>.<\/p>\n<p>Dimanche 30 novembre 2025 : retour au calme, mais des temp\u00e9ratures plus fra\u00eeches<\/p>\n<p>Dimanche, la m\u00e9t\u00e9o s\u2019am\u00e9liorera nettement. <b>Aucune pluie n\u2019est attendue<\/b> et le ciel oscillera entre \u00e9claircies et passages nuageux. &#13;<br \/>\nLes temp\u00e9ratures resteront basses, avec <b>5\u00b0C le matin<\/b>, jusqu\u2019\u00e0 <b>9\u00b0C au meilleur de la journ\u00e9e<\/b>, avant une baisse vers <b>4\u00b0C  en soir\u00e9e<\/b>. Le vent sera beaucoup plus faible que samedi, rendant l\u2019atmosph\u00e8re plus agr\u00e9able. Ces conditions seront id\u00e9ales pour profiter de sorties en ext\u00e9rieur avec des v\u00eatements chauds. Ce sera le moment d&rsquo;en profiter !<\/p>\n<p>                A lire aussi<\/p>\n<p>        <a href=\"https:\/\/www.rennes-scope.com\/articles-tag.php?nom=m%C3%A9t%C3%A9o\" target=\"_blank\" rel=\"noopener\"><\/p>\n<p>m\u00e9t\u00e9o<\/p>\n<p><\/a><a href=\"https:\/\/www.rennes-scope.com\/articles-tag.php?nom=automne\" target=\"_blank\" rel=\"noopener\"><\/p>\n<p>automne<\/p>\n<p><\/a><a href=\"https:\/\/www.rennes-scope.com\/articles-tag.php?nom=week-end\" target=\"_blank\" rel=\"noopener\"><\/p>\n<p>week-end<\/p>\n<p><\/a><\/p>\n","protected":false},"excerpt":{"rendered":"Publi\u00e9 le 28-11-2025 \u00e0 17:48 Cr\u00e9dit : Pexels Un week-end contrast\u00e9 \u00e0 Rennes entre fortes pluies samedi et&hellip;\n","protected":false},"author":2,"featured_media":564967,"comment_status":"","ping_status":"","sticky":false,"template":"","format":"standard","meta":{"footnotes":""},"categories":[2821],"tags":[1111,11,829,1777,674,1011,27,12,584,25],"class_list":{"0":"post-564966","1":"post","2":"type-post","3":"status-publish","4":"format-standard","5":"has-post-thumbnail","7":"category-rennes","8":"tag-actu","9":"tag-actualites","10":"tag-bretagne","11":"tag-eu","12":"tag-europe","13":"tag-fr","14":"tag-france","15":"tag-news","16":"tag-rennes","17":"tag-republique-francaise"},"share_on_mastodon":{"url":"https:\/\/pubeurope.com\/@fr\/115628587224798845","error":""},"_links":{"self":[{"href":"https:\/\/www.europesays.com\/fr\/wp-json\/wp\/v2\/posts\/564966","targetHints":{"allow":["GET"]}}],"collection":[{"href":"https:\/\/www.europesays.com\/fr\/wp-json\/wp\/v2\/posts"}],"about":[{"href":"https:\/\/www.europesays.com\/fr\/wp-json\/wp\/v2\/types\/post"}],"author":[{"embeddable":true,"href":"https:\/\/www.europesays.com\/fr\/wp-json\/wp\/v2\/users\/2"}],"replies":[{"embeddable":true,"href":"https:\/\/www.europesays.com\/fr\/wp-json\/wp\/v2\/comments?post=564966"}],"version-history":[{"count":0,"href":"https:\/\/www.europesays.com\/fr\/wp-json\/wp\/v2\/posts\/564966\/revisions"}],"wp:featuredmedia":[{"embeddable":true,"href":"https:\/\/www.europesays.com\/fr\/wp-json\/wp\/v2\/media\/564967"}],"wp:attachment":[{"href":"https:\/\/www.europesays.com\/fr\/wp-json\/wp\/v2\/media?parent=564966"}],"wp:term":[{"taxonomy":"category","embeddable":true,"href":"https:\/\/www.europesays.com\/fr\/wp-json\/wp\/v2\/categories?post=564966"},{"taxonomy":"post_tag","embeddable":true,"href":"https:\/\/www.europesays.com\/fr\/wp-json\/wp\/v2\/tags?post=564966"}],"curies":[{"name":"wp","href":"https:\/\/api.w.org\/{rel}","templated":true}]}}