{"id":564970,"date":"2025-11-28T17:50:14","date_gmt":"2025-11-28T17:50:14","guid":{"rendered":"https:\/\/www.europesays.com\/fr\/564970\/"},"modified":"2025-11-28T17:50:14","modified_gmt":"2025-11-28T17:50:14","slug":"strasbourg-brest-ludovic-ajorque-la-disette-dun-avant-centre-pas-classique","status":"publish","type":"post","link":"https:\/\/www.europesays.com\/fr\/564970\/","title":{"rendered":"Strasbourg &#8211; Brest\u00a0: Ludovic Ajorque, la disette d\u2019un avant-centre pas \u00ab\u00a0classique\u00a0\u00bb"},"content":{"rendered":"<p>Ligue 1 (14e journ\u00e9e). RC Strasbourg &#8211; Stade Brestois, dimanche (15 h)<\/p>\n<p>Impossible de le manquer, m\u00eame s\u2019il fuit la lumi\u00e8re. Avec son m\u00e8tre quatre-vingt-seize, Ludovic Ajorque domine les d\u00e9bats et reste l\u2019un des piliers du Stade Brestois. Comme Kenny Lala, il a \u00e9t\u00e9 titularis\u00e9 lors des treize premi\u00e8res journ\u00e9es, et personne au club n\u2019a pass\u00e9 plus de temps sur le terrain que lui (1 165 minutes). En Ligue 1, aucun autre avant-centre n\u2019est autant utilis\u00e9. Auteur de quatre passes d\u00e9cisives, l\u2019attaquant r\u00e9unionnais reste toujours aussi essentiel dans le jeu brestois. Mais une ombre ternit le tableau : il ne marque plus.<\/p>\n<p>800 minutes sans marquer<\/p>\n<p>Voil\u00e0 huit matchs, pr\u00e8s de 800 minutes et plus de deux mois, que Ludovic Ajorque n\u2019a plus fait trembler les filets, depuis un but o\u00f9 il n\u2019avait eu qu\u2019\u00e0 la pousser au fond contre Nice (<a href=\"https:\/\/www.letelegramme.fr\/sports\/football\/stade-brestois\/brest-nice-lun-des-meilleurs-de-ligue-1-ludovic-ajorque-lattaquant-sous-estime-qui-brille-et-sublime-un-collectif-6893475.php\" target=\"_blank\" rel=\"noopener\">4-1, le 20 septembre<\/a>). L\u2019an dernier \u00e0 la m\u00eame p\u00e9riode, il comptait d\u00e9j\u00e0 trois r\u00e9alisations, avant de finir la saison \u00e0 treize unit\u00e9s.<\/p>\n<p>Les occasions sont l\u00e0, mais la r\u00e9ussite le boude, comme sur cette t\u00eate trop crois\u00e9e au terme d\u2019une superbe action collective face \u00e0 Metz. Pour un buteur, la disette commence \u00e0 peser. \u00c9ric Roy refuse pourtant de s\u2019inqui\u00e9ter. \u00ab Ce n\u2019est pas un attaquant classique. C\u2019est un v\u00e9ritable joueur d\u2019\u00e9quipe, pas centr\u00e9 sur lui-m\u00eame. J\u2019ai connu des attaquants qui, m\u00eame quand on gagnait, boudaient s\u2019ils n\u2019avaient pas marqu\u00e9. Ludo, il n\u2019est pas comme \u00e7a. \u00bb<\/p>\n<p>Le probl\u00e8me est que cette p\u00e9riode sans but a accompagn\u00e9 la mauvaise passe brestoise avant le succ\u00e8s contre Metz (3-2) : six matchs sans victoire et quatre rencontres sans marquer. Retrouver un Ludovic Ajorque buteur est une priorit\u00e9\ufeff. \u00ab Il a un ego bien plac\u00e9 et, \u00e9videmment, il a envie de marquer. Mais tant qu\u2019il se sent utile \u00e0 l\u2019\u00e9quipe, \u00e7a lui va, ajoute l\u2019entra\u00eeneur brestois. Maintenant, moi, j\u2019ai aussi envie qu\u2019il marque. Parce que je veux qu\u2019il soit \u00e9panoui, qu\u2019il soit heureux, tout simplement. \u00bb<\/p>\n<p>Et s\u2019il retrouve le sourire, et pourquoi pas ce dimanche face \u00e0 son ancien club (2018-2023), il y a fort \u00e0 parier que le Stade Brestois le retrouvera aussi.<\/p>\n","protected":false},"excerpt":{"rendered":"Ligue 1 (14e journ\u00e9e). RC Strasbourg &#8211; Stade Brestois, dimanche (15 h) Impossible de le manquer, m\u00eame s\u2019il&hellip;\n","protected":false},"author":2,"featured_media":564971,"comment_status":"","ping_status":"","sticky":false,"template":"","format":"standard","meta":{"footnotes":""},"categories":[2820],"tags":[1111,11,3450,1777,674,63,1011,27,775,66,12,25,60,4449,640],"class_list":{"0":"post-564970","1":"post","2":"type-post","3":"status-publish","4":"format-standard","5":"has-post-thumbnail","7":"category-strasbourg","8":"tag-actu","9":"tag-actualites","10":"tag-brest","11":"tag-eu","12":"tag-europe","13":"tag-football","14":"tag-fr","15":"tag-france","16":"tag-grand-est","17":"tag-ligue-1","18":"tag-news","19":"tag-republique-francaise","20":"tag-sports","21":"tag-stade-brestois","22":"tag-strasbourg"},"share_on_mastodon":{"url":"https:\/\/pubeurope.com\/@fr\/115628593970578967","error":""},"_links":{"self":[{"href":"https:\/\/www.europesays.com\/fr\/wp-json\/wp\/v2\/posts\/564970","targetHints":{"allow":["GET"]}}],"collection":[{"href":"https:\/\/www.europesays.com\/fr\/wp-json\/wp\/v2\/posts"}],"about":[{"href":"https:\/\/www.europesays.com\/fr\/wp-json\/wp\/v2\/types\/post"}],"author":[{"embeddable":true,"href":"https:\/\/www.europesays.com\/fr\/wp-json\/wp\/v2\/users\/2"}],"replies":[{"embeddable":true,"href":"https:\/\/www.europesays.com\/fr\/wp-json\/wp\/v2\/comments?post=564970"}],"version-history":[{"count":0,"href":"https:\/\/www.europesays.com\/fr\/wp-json\/wp\/v2\/posts\/564970\/revisions"}],"wp:featuredmedia":[{"embeddable":true,"href":"https:\/\/www.europesays.com\/fr\/wp-json\/wp\/v2\/media\/564971"}],"wp:attachment":[{"href":"https:\/\/www.europesays.com\/fr\/wp-json\/wp\/v2\/media?parent=564970"}],"wp:term":[{"taxonomy":"category","embeddable":true,"href":"https:\/\/www.europesays.com\/fr\/wp-json\/wp\/v2\/categories?post=564970"},{"taxonomy":"post_tag","embeddable":true,"href":"https:\/\/www.europesays.com\/fr\/wp-json\/wp\/v2\/tags?post=564970"}],"curies":[{"name":"wp","href":"https:\/\/api.w.org\/{rel}","templated":true}]}}