{"id":564974,"date":"2025-11-28T17:52:29","date_gmt":"2025-11-28T17:52:29","guid":{"rendered":"https:\/\/www.europesays.com\/fr\/564974\/"},"modified":"2025-11-28T17:52:29","modified_gmt":"2025-11-28T17:52:29","slug":"nouvelles-cabines-refonte-de-la-place-centrale-comment-cette-commune-du-pays-de-nice-entend-moderniser-son-village-et-sa-station-de-ski","status":"publish","type":"post","link":"https:\/\/www.europesays.com\/fr\/564974\/","title":{"rendered":"Nouvelles cabines, refonte de la place centrale&#8230; Comment cette commune du pays de Nice entend moderniser son village et sa station de ski"},"content":{"rendered":"<p><strong>\u00c0 1h30 de Nice, Auron souhaite monter en gamme. Place centrale repens\u00e9e, modernisation du t\u00e9l\u00e9ph\u00e9rique ou encore projet de transformer un h\u00f4tel en quatre \u00e9toiles\u2026  L\u2019id\u00e9e est notamment de continuer \u00e0\u00a0s\u00e9duire une client\u00e8le \u00e9trang\u00e8re, tr\u00e8s convoit\u00e9e.\u00a0<\/strong><\/p>\n<p>D\u00e9but des r\u00e9jouissances ce samedi 6\u00a0d\u00e9cembre \u00e0\u00a0Auron\u00a0! La station maralpine appartenant \u00e0\u00a0la commune de Saint-\u00c9tienne-de-Tin\u00e9e <a href=\"https:\/\/nicepresse.com\/dates-nouveautes-tarifs-tout-ce-que-vous-devez-savoir-sur-la-saison-2025-2026-des-stations-de-ski-pres-de-nice\/\" data-wpel-link=\"internal\" target=\"_blank\" rel=\"noopener\">a\u00a0pr\u00e9vu d\u2019ouvrir<\/a> au public dans quelques jours, d\u00e9voilant ses 135 kilom\u00e8tres de poudreuse dans son fameux cadre authentique. Avec l\u2019espoir de r\u00e9aliser une belle saison d\u2019hiver. Invit\u00e9e <a href=\"https:\/\/nicepresse.com\/stations-de-ski-renovation-de-domaines-jeunes-quel-avenir-pour-la-vie-en-montagne-les-pistes-de-lelue-colette-fabron-dans-nice-presse-dimanche\/\" data-wpel-link=\"internal\" target=\"_blank\" rel=\"noopener\">de Nice-Presse<\/a> le dimanche 9\u00a0novembre, la maire Colette Fabron disait s\u2019attendre \u00e0\u00a0de bons chiffres.<\/p>\n<p>Le domaine skiable \u00ab\u00a0affiche quasiment complet pour d\u00e9cembre\u00a0\u00bb, expliquait la vice-pr\u00e9sidente de la M\u00e9tropole ni\u00e7oise. En 2024-2025, il a\u00a0vu les s\u00e9jours de la client\u00e8le \u00e9trang\u00e8re passer de 14 \u00e0\u00a024\u00a0%, ainsi que l\u2019expliquent nos confr\u00e8res de <a href=\"https:\/\/tribuca.net\/pour-seduire-les-etrangers-auron-monte-en-gamme\/\" target=\"_blank\" rel=\"noopener external noreferrer\" data-wpel-link=\"external\" class=\"wpel-icon-right\">Tribuca.net<\/a>. Les march\u00e9s azur\u00e9en et parisien sont les plus importants, mais des zones comme la Grande-Bretagne, l\u2019Europe centrale, la Belgique et les Pays-Bas ne sont pas en reste. Avec l\u2019avantage, notamment, de disposer de moyens plus cons\u00e9quents.<\/p>\n<p>La place centrale flambant neuve pour la prochaine saison d\u2019hiver<\/p>\n<p><img loading=\"lazy\" decoding=\"async\" width=\"945\" height=\"630\" src=\"https:\/\/www.europesays.com\/fr\/wp-content\/uploads\/2025\/11\/place-auron-2-960x640-1-945x630.jpeg\" alt=\"place auron 2 960x640 1\" class=\"wp-image-217660\" title=\"Nouvelles cabines, refonte de la place centrale... Comment cette commune du pays de Nice entend moderniser son village et sa station de ski 1\"  \/>[\u00a9 DR]<\/p>\n<p>Afin de les fid\u00e9liser, et d\u2019en conqu\u00e9rir encore davantage, Auron va se moderniser. <a href=\"https:\/\/nicepresse.com\/dans-la-metropole-de-nice-une-grande-operation-pour-dynamiser-lun-des-joyaux-des-montagnes-maralpines-comme-les-plus-belles-stations-de-savoie\/\" data-wpel-link=\"internal\" target=\"_blank\" rel=\"noopener\">En janvier dernier<\/a>, nous \u00e9voquions un important projet. Celui de la place centrale qui sera enti\u00e8rement repens\u00e9e en 2027. \u00ab\u00a0Les r\u00e9seaux ont \u00e9t\u00e9 refaits cette ann\u00e9e, s\u2019ensuivra le pavage et la v\u00e9g\u00e9talisation apr\u00e8s la prochaine saison d\u2019hiver\u00a0\u00bb, a\u00a0confi\u00e9 dans nos colonnes Colette Fabron.<\/p>\n<p>Nouvelles cabines pour le t\u00e9l\u00e9ph\u00e9rique<\/p>\n<p><img loading=\"lazy\" decoding=\"async\" width=\"1120\" height=\"630\" src=\"https:\/\/www.europesays.com\/fr\/wp-content\/uploads\/2025\/11\/Teleriou-Auron-1120x630.jpg\" alt=\"Teleriou Auron\" class=\"wp-image-259199\" title=\"Nouvelles cabines, refonte de la place centrale... Comment cette commune du pays de Nice entend moderniser son village et sa station de ski 2\"  \/>\u00a9 3D\u00a0Auron\u00a0<\/p>\n<p>La mobilit\u00e9 \u00e9volue, avec l\u2019arriv\u00e9e de nouvelles cabines par trains de trois, pour ce qui est du t\u00e9l\u00e9ph\u00e9rique T\u00e9l\u00e9riou. Elles doivent offrir \u00ab\u00a0un meilleur confort et un embarquement plus fluide.\u00a0\u00bb La gare interm\u00e9diaire sera \u00e9galement r\u00e9nov\u00e9e. Quant aux \u00ab\u00a0\u0153ufs\u00a0\u00bb de Las Donnas, ils ont pareillement chang\u00e9 de design, adoptant un ensemble compl\u00e8tement vitr\u00e9.<\/p>\n<p>Dans deux ans, arriv\u00e9e d\u2019une autre t\u00e9l\u00e9cabine\u00a0<\/p>\n<p><img loading=\"lazy\" decoding=\"async\" width=\"945\" height=\"630\" src=\"https:\/\/www.europesays.com\/fr\/wp-content\/uploads\/2025\/11\/vue-densemble-960x640-1-945x630.png\" alt=\"vue densemble 960x640 1\" class=\"wp-image-217659\" title=\"Nouvelles cabines, refonte de la place centrale... Comment cette commune du pays de Nice entend moderniser son village et sa station de ski 3\"  \/>[\u00a9 DR]<\/p>\n<p>Ce n\u2019est pas tout, puisque l\u2019\u00e9lue m\u00e9tropolitaine a\u00a0indiqu\u00e9 que la station accueillera \u00ab\u00a0une nouvelle t\u00e9l\u00e9cabine en d\u00e9cembre 2027.\u00a0\u00bb Elle permettra \u00e0\u00a03.000 passagers par heure de rallier depuis le centre le sommet des pistes, rempla\u00e7ant le t\u00e9l\u00e9ski du Riou et le t\u00e9l\u00e9si\u00e8ge des Pr\u00e9s. \u00ab\u00a0Elle desservira les Chastellares, ainsi que Sauma Longue. Elle sera utilisable l\u2019hiver, mais aussi l\u2019\u00e9t\u00e9, avec une nouvelle piste VTT \u00e0\u00a0la cl\u00e9\u00a0\u00bb, nous pr\u00e9sentait la premi\u00e8re magistrate.<\/p>\n<p>Ces bouleversements s\u2019accompagnent de quelques d\u00e9tails peut-\u00eatre moins imposants, mais qui peuvent compter. On pense \u00e0\u00a0ce rachat de l\u2019h\u00f4tel Las Donnas qui passera dans deux ou trois ans d\u2019un trois \u00e0\u00a0un quatre \u00e9toiles. Symbole de la mont\u00e9e en gamme d\u00e9sir\u00e9e, avec par ailleurs d\u2019autres terrains de padel attendus pour d\u00e9sengorger l\u2019existant.<\/p>\n","protected":false},"excerpt":{"rendered":"\u00c0 1h30 de Nice, Auron souhaite monter en gamme. Place centrale repens\u00e9e, modernisation du t\u00e9l\u00e9ph\u00e9rique ou encore projet&hellip;\n","protected":false},"author":2,"featured_media":564975,"comment_status":"","ping_status":"","sticky":false,"template":"","format":"standard","meta":{"footnotes":""},"categories":[2819],"tags":[1111,11,1777,674,1011,27,12,2401,882,25],"class_list":{"0":"post-564974","1":"post","2":"type-post","3":"status-publish","4":"format-standard","5":"has-post-thumbnail","7":"category-nice","8":"tag-actu","9":"tag-actualites","10":"tag-eu","11":"tag-europe","12":"tag-fr","13":"tag-france","14":"tag-news","15":"tag-nice","16":"tag-provence-alpes-cote-dazur","17":"tag-republique-francaise"},"share_on_mastodon":{"url":"https:\/\/pubeurope.com\/@fr\/115628602757989660","error":""},"_links":{"self":[{"href":"https:\/\/www.europesays.com\/fr\/wp-json\/wp\/v2\/posts\/564974","targetHints":{"allow":["GET"]}}],"collection":[{"href":"https:\/\/www.europesays.com\/fr\/wp-json\/wp\/v2\/posts"}],"about":[{"href":"https:\/\/www.europesays.com\/fr\/wp-json\/wp\/v2\/types\/post"}],"author":[{"embeddable":true,"href":"https:\/\/www.europesays.com\/fr\/wp-json\/wp\/v2\/users\/2"}],"replies":[{"embeddable":true,"href":"https:\/\/www.europesays.com\/fr\/wp-json\/wp\/v2\/comments?post=564974"}],"version-history":[{"count":0,"href":"https:\/\/www.europesays.com\/fr\/wp-json\/wp\/v2\/posts\/564974\/revisions"}],"wp:featuredmedia":[{"embeddable":true,"href":"https:\/\/www.europesays.com\/fr\/wp-json\/wp\/v2\/media\/564975"}],"wp:attachment":[{"href":"https:\/\/www.europesays.com\/fr\/wp-json\/wp\/v2\/media?parent=564974"}],"wp:term":[{"taxonomy":"category","embeddable":true,"href":"https:\/\/www.europesays.com\/fr\/wp-json\/wp\/v2\/categories?post=564974"},{"taxonomy":"post_tag","embeddable":true,"href":"https:\/\/www.europesays.com\/fr\/wp-json\/wp\/v2\/tags?post=564974"}],"curies":[{"name":"wp","href":"https:\/\/api.w.org\/{rel}","templated":true}]}}