{"id":564978,"date":"2025-11-28T17:54:15","date_gmt":"2025-11-28T17:54:15","guid":{"rendered":"https:\/\/www.europesays.com\/fr\/564978\/"},"modified":"2025-11-28T17:54:15","modified_gmt":"2025-11-28T17:54:15","slug":"lepenant-nantes-de-retour-comme-titulaire-contre-lol","status":"publish","type":"post","link":"https:\/\/www.europesays.com\/fr\/564978\/","title":{"rendered":"Lepenant (Nantes) de retour comme titulaire contre l\u2019OL ?"},"content":{"rendered":"<p>                            <img width=\"770\" height=\"433\" src=\"https:\/\/www.europesays.com\/fr\/wp-content\/uploads\/2025\/05\/AFP__20241223__DPPI_40024087_068__v1__HighRes__FootballFrenchChampParisSgVNantes-e1748094104929-770x.jpeg\" class=\"attachment-article size-article wp-post-image\" alt=\"Johann Lepenant avec Nantes.\" decoding=\"async\" fetchpriority=\"high\"  \/><\/p>\n<p>Johann Lepenant avec Nantes. Photo Matthieu Mirville \/ DPPI <\/p>\n<p>Bless\u00e9 pendant un mois, Johann Lepenant a fait son retour contre Lorient le week-end dernier. Luis Castro a estim\u00e9 que le milieu pourrait \u00eatre titulaire dimanche face \u00e0 l\u2019OL, son ancien club.<\/p>\n<p>Apr\u00e8s <strong>Auxerre<\/strong>, l\u2019OL poursuit son programme de rencontres contre les \u00e9quipes mal class\u00e9es de Ligue 1. Dimanche dernier, cela n\u2019a pas forc\u00e9ment port\u00e9 chance aux Lyonnais, qui ont d\u00fb partager les points avec l\u2019AJA. Le visage sera diff\u00e9rent ce dimanche puisque Paulo <strong>Fonseca<\/strong> comptera sur les retours de suspension de Nicolas <strong>Tagliafico<\/strong>, Hans <strong>Hateboer<\/strong> et Tyler <strong>Morton<\/strong>. Trois renforts qui ne seront pas de trop, comme on a pu le voir jeudi soir face au <strong>Maccabi Tel Aviv<\/strong>. Apr\u00e8s Auxerre, c\u2019est donc au tour du <strong>FC Nantes<\/strong> de se pr\u00e9senter face \u00e0 l\u2019OL du c\u00f4t\u00e9 du D\u00e9cines.<\/p>\n<p>Incertitude sur Lahdo<\/p>\n<p>Avec seulement onze points en treize matchs, les Canaris sont hors de la zone rouge, mais ils ne le doivent qu\u2019\u00e0 une meilleure diff\u00e9rence de buts que Lorient et Metz. La t\u00e2che s\u2019annonce encore compliqu\u00e9e ce dimanche pour Luis <strong>Castro<\/strong>, qui doit faire sans Louis <a href=\"https:\/\/www.olympique-et-lyonnais.com\/nantes-acte-deja-un-forfait-pour-le-deplacement-contre-lol,385189.html\" target=\"_blank\" rel=\"noopener\">Leroux<\/a> et Francis <strong>Coquelin<\/strong> bless\u00e9s. Devra-t-il faire aussi sans Mayckel <strong>Lahdo<\/strong>, sorti sur blessure contre les Merlus ? Le forfait du Su\u00e9dois n\u2019est pas act\u00e9 car l\u2019attaquant a particip\u00e9 \u00e0 la s\u00e9ance ce vendredi. Toutefois, son entra\u00eeneur a estim\u00e9 \u00ab\u00a0ne pas \u00eatre s\u00fbr \u00e0 100%\u00a0\u00bb de pouvoir compter dessus.<\/p>\n<p>Une incertitude donc pour Nantes, qui pourrait retrouver Johann <strong>Lepenant<\/strong> dans le onze. L\u2019ancien milieu lyonnais a sign\u00e9 son retour \u00e0 la comp\u00e9tition le week-end dernier apr\u00e8s un mois d\u2019absence. Vingt minutes contre Lorient et un peu plus contre l\u2019<strong>OL<\/strong> ? \u00ab\u00a0Il va pouvoir jouer plus longtemps\u00a0\u00bb, assure Castro qui estime qu\u2019une titularisation est \u00ab\u00a0une possibilit\u00e9\u00a0\u00bb.<\/p>\n","protected":false},"excerpt":{"rendered":"Johann Lepenant avec Nantes. Photo Matthieu Mirville \/ DPPI Bless\u00e9 pendant un mois, Johann Lepenant a fait son&hellip;\n","protected":false},"author":2,"featured_media":125057,"comment_status":"","ping_status":"","sticky":false,"template":"","format":"standard","meta":{"footnotes":""},"categories":[2818],"tags":[1111,11,1777,674,1011,27,66,766,12,241,978,2636,25],"class_list":{"0":"post-564978","1":"post","2":"type-post","3":"status-publish","4":"format-standard","5":"has-post-thumbnail","7":"category-nantes","8":"tag-actu","9":"tag-actualites","10":"tag-eu","11":"tag-europe","12":"tag-fr","13":"tag-france","14":"tag-ligue-1","15":"tag-nantes","16":"tag-news","17":"tag-ol","18":"tag-olympique-lyonnais","19":"tag-pays-de-la-loire","20":"tag-republique-francaise"},"share_on_mastodon":{"url":"https:\/\/pubeurope.com\/@fr\/115628611134902076","error":""},"_links":{"self":[{"href":"https:\/\/www.europesays.com\/fr\/wp-json\/wp\/v2\/posts\/564978","targetHints":{"allow":["GET"]}}],"collection":[{"href":"https:\/\/www.europesays.com\/fr\/wp-json\/wp\/v2\/posts"}],"about":[{"href":"https:\/\/www.europesays.com\/fr\/wp-json\/wp\/v2\/types\/post"}],"author":[{"embeddable":true,"href":"https:\/\/www.europesays.com\/fr\/wp-json\/wp\/v2\/users\/2"}],"replies":[{"embeddable":true,"href":"https:\/\/www.europesays.com\/fr\/wp-json\/wp\/v2\/comments?post=564978"}],"version-history":[{"count":0,"href":"https:\/\/www.europesays.com\/fr\/wp-json\/wp\/v2\/posts\/564978\/revisions"}],"wp:featuredmedia":[{"embeddable":true,"href":"https:\/\/www.europesays.com\/fr\/wp-json\/wp\/v2\/media\/125057"}],"wp:attachment":[{"href":"https:\/\/www.europesays.com\/fr\/wp-json\/wp\/v2\/media?parent=564978"}],"wp:term":[{"taxonomy":"category","embeddable":true,"href":"https:\/\/www.europesays.com\/fr\/wp-json\/wp\/v2\/categories?post=564978"},{"taxonomy":"post_tag","embeddable":true,"href":"https:\/\/www.europesays.com\/fr\/wp-json\/wp\/v2\/tags?post=564978"}],"curies":[{"name":"wp","href":"https:\/\/api.w.org\/{rel}","templated":true}]}}