{"id":564979,"date":"2025-11-28T17:55:16","date_gmt":"2025-11-28T17:55:16","guid":{"rendered":"https:\/\/www.europesays.com\/fr\/564979\/"},"modified":"2025-11-28T17:55:16","modified_gmt":"2025-11-28T17:55:16","slug":"cette-histoire-prend-une-nouvelle-dimension","status":"publish","type":"post","link":"https:\/\/www.europesays.com\/fr\/564979\/","title":{"rendered":"\u00ab\u00a0Cette histoire prend une nouvelle dimension\u00a0\u00bb"},"content":{"rendered":"<p class=\"interview-question\">Fouilles dans le cimeti\u00e8re de Thiaroye, \u00e9criture d\u2019un livre blanc\u2026 Ces derniers mois, il semble que la nouvelle pr\u00e9sidence s\u00e9n\u00e9galaise esp\u00e8re enfin faire la lumi\u00e8re sur le massacre\u00a0?<\/p>\n<p class=\"interview-answer\">Depuis l\u2019ann\u00e9e derni\u00e8re, la gouvernance s\u00e9n\u00e9galaise en a fait une cause nationale, en cr\u00e9ant notamment un comit\u00e9 de comm\u00e9moration avec \u00e0 sa t\u00eate le<a href=\"https:\/\/www.lemonde.fr\/idees\/article\/2025\/10\/21\/le-massacre-de-thiaroye-au-senegal-en-1944-c-est-le-retablissement-de-l-ordre-colonial_6648329_3232.html\" target=\"_blank\" rel=\"nofollow noopener\"> professeur Mamadou Diouf<\/a>, historien \u00e0 l\u2019universit\u00e9 de Columbia, \u00e0 New York. L\u2019histoire prend une dimension nouvelle dans le quotidien et le v\u00e9cu des S\u00e9n\u00e9galais. Cela se concr\u00e9tise sur le terrain. Dans les fouilles, des choses ont \u00e9t\u00e9 effectivement trouv\u00e9es, pas dans les tombes mais ailleurs\u00a0: des corps de personnes en uniforme, cribl\u00e9s de balles, encha\u00een\u00e9s\u2026<\/p>\n<p class=\"interview-question\">Dans votre film, l\u2019historienne Armelle Mabon sugg\u00e8re l\u2019existence d\u2019une liste recensant tous les morts de Thiaroye. Existe-t-elle\u00a0?<\/p>\n<p class=\"interview-answer\">Elle a forc\u00e9ment exist\u00e9 dans les archives fran\u00e7aises\u2026 On ne sait pas si elle existe toujours. Une certitude\u00a0: on fait face, depuis plus de quatre-vingts\u00a0ans, \u00e0 de la r\u00e9tention d\u2019informations de la part de la France. On a eu une avanc\u00e9e en novembre 2024 quand Emmanuel Macron a reconnu officiellement, dans un courrier envoy\u00e9 \u00e0 son homologue s\u00e9n\u00e9galais, l\u2019existence d\u2019un massacre. Jusqu\u2019alors, la France parlait d\u2019une mutinerie\u2026 Toutes ces archives existent ou ont exist\u00e9. Sont-elles dans un coffre-fort\u00a0? Ont-elles \u00e9t\u00e9 d\u00e9truites\u00a0? Personnellement, je suis assez pessimiste. On attend\u2026<\/p>\n<blockquote><p>\u00ab\u00a0Dans les fouilles, des choses ont \u00e9t\u00e9 effectivement trouv\u00e9es, pas dans les tombes mais ailleurs\u00a0\u00bb<\/p><\/blockquote>\n<p class=\"interview-question\">Le fils d\u2019un des tirailleurs morts sous les balles ce 1er\u00a0d\u00e9cembre 1944, intervenant dans votre film, a d\u00e9pos\u00e9 plainte contre l\u2019\u00c9tat fran\u00e7ais pour \u00ab\u00a0recel de cadavre\u00a0\u00bb\u2026 Continuez-vous de suivre son combat\u00a0?<\/p>\n<p class=\"interview-answer\">Bien s\u00fbr\u00a0! Biram Senghor, dont je respecte \u00e9norm\u00e9ment le combat, se bat depuis le d\u00e9but des ann\u00e9es 1970. Il aimerait bien conna\u00eetre le fin mot de l\u2019histoire avant de mourir. Il souhaite \u00e9galement que la France paye ce qu\u2019elle doit \u00e0 son p\u00e8re, pour le laisser \u00e0 ses descendants. Symboliquement, pour lui, c\u2019est important.<\/p>\n","protected":false},"excerpt":{"rendered":"Fouilles dans le cimeti\u00e8re de Thiaroye, \u00e9criture d\u2019un livre blanc\u2026 Ces derniers mois, il semble que la nouvelle&hellip;\n","protected":false},"author":2,"featured_media":564980,"comment_status":"","ping_status":"","sticky":false,"template":"","format":"standard","meta":{"footnotes":""},"categories":[2817],"tags":[1111,11,1997,1777,674,1011,27,12,2219,25],"class_list":{"0":"post-564979","1":"post","2":"type-post","3":"status-publish","4":"format-standard","5":"has-post-thumbnail","7":"category-bordeaux","8":"tag-actu","9":"tag-actualites","10":"tag-bordeaux","11":"tag-eu","12":"tag-europe","13":"tag-fr","14":"tag-france","15":"tag-news","16":"tag-nouvelle-aquitaine","17":"tag-republique-francaise"},"share_on_mastodon":{"url":"https:\/\/pubeurope.com\/@fr\/115628613525437450","error":""},"_links":{"self":[{"href":"https:\/\/www.europesays.com\/fr\/wp-json\/wp\/v2\/posts\/564979","targetHints":{"allow":["GET"]}}],"collection":[{"href":"https:\/\/www.europesays.com\/fr\/wp-json\/wp\/v2\/posts"}],"about":[{"href":"https:\/\/www.europesays.com\/fr\/wp-json\/wp\/v2\/types\/post"}],"author":[{"embeddable":true,"href":"https:\/\/www.europesays.com\/fr\/wp-json\/wp\/v2\/users\/2"}],"replies":[{"embeddable":true,"href":"https:\/\/www.europesays.com\/fr\/wp-json\/wp\/v2\/comments?post=564979"}],"version-history":[{"count":0,"href":"https:\/\/www.europesays.com\/fr\/wp-json\/wp\/v2\/posts\/564979\/revisions"}],"wp:featuredmedia":[{"embeddable":true,"href":"https:\/\/www.europesays.com\/fr\/wp-json\/wp\/v2\/media\/564980"}],"wp:attachment":[{"href":"https:\/\/www.europesays.com\/fr\/wp-json\/wp\/v2\/media?parent=564979"}],"wp:term":[{"taxonomy":"category","embeddable":true,"href":"https:\/\/www.europesays.com\/fr\/wp-json\/wp\/v2\/categories?post=564979"},{"taxonomy":"post_tag","embeddable":true,"href":"https:\/\/www.europesays.com\/fr\/wp-json\/wp\/v2\/tags?post=564979"}],"curies":[{"name":"wp","href":"https:\/\/api.w.org\/{rel}","templated":true}]}}