{"id":564981,"date":"2025-11-28T17:57:23","date_gmt":"2025-11-28T17:57:23","guid":{"rendered":"https:\/\/www.europesays.com\/fr\/564981\/"},"modified":"2025-11-28T17:57:23","modified_gmt":"2025-11-28T17:57:23","slug":"la-caserne-de-la-benauge-dernier-hiver-avant-la-fermeture","status":"publish","type":"post","link":"https:\/\/www.europesays.com\/fr\/564981\/","title":{"rendered":"la Caserne de la Benauge, dernier hiver avant la fermeture"},"content":{"rendered":"<p>Depuis deux hivers, la caserne de la Benauge, situ\u00e9e sur la rive droite de Bordeaux, est transform\u00e9e en centre d\u2019h\u00e9bergement d\u2019urgence durant la tr\u00eave hivernale. Des centaines de personnes en situation de grande pr\u00e9carit\u00e9, orient\u00e9es via le 115, y trouvent refuge. Pour Michael, demandeur d\u2019asile ayant fui la R\u00e9publique d\u00e9mocratique du Congo pour des raisons politiques, cette structure est un r\u00e9pit n\u00e9cessaire. \u00ab\u00a0Pour moi, \u00e7a va, je suis tr\u00e8s bien ici,\u00a0\u00bb t\u00e9moigne-t-il. Comme lui, 75 autres b\u00e9n\u00e9ficiaires disposent d\u2019une chambre et d\u2019une salle de bain pour un s\u00e9jour d\u2019un mois non renouvelable.<\/p>\n","protected":false},"excerpt":{"rendered":"Depuis deux hivers, la caserne de la Benauge, situ\u00e9e sur la rive droite de Bordeaux, est transform\u00e9e en&hellip;\n","protected":false},"author":2,"featured_media":564982,"comment_status":"","ping_status":"","sticky":false,"template":"","format":"standard","meta":{"footnotes":""},"categories":[2817],"tags":[1111,11,1997,1777,674,1011,27,12,2219,25],"class_list":{"0":"post-564981","1":"post","2":"type-post","3":"status-publish","4":"format-standard","5":"has-post-thumbnail","7":"category-bordeaux","8":"tag-actu","9":"tag-actualites","10":"tag-bordeaux","11":"tag-eu","12":"tag-europe","13":"tag-fr","14":"tag-france","15":"tag-news","16":"tag-nouvelle-aquitaine","17":"tag-republique-francaise"},"share_on_mastodon":{"url":"https:\/\/pubeurope.com\/@fr\/115628621569455623","error":""},"_links":{"self":[{"href":"https:\/\/www.europesays.com\/fr\/wp-json\/wp\/v2\/posts\/564981","targetHints":{"allow":["GET"]}}],"collection":[{"href":"https:\/\/www.europesays.com\/fr\/wp-json\/wp\/v2\/posts"}],"about":[{"href":"https:\/\/www.europesays.com\/fr\/wp-json\/wp\/v2\/types\/post"}],"author":[{"embeddable":true,"href":"https:\/\/www.europesays.com\/fr\/wp-json\/wp\/v2\/users\/2"}],"replies":[{"embeddable":true,"href":"https:\/\/www.europesays.com\/fr\/wp-json\/wp\/v2\/comments?post=564981"}],"version-history":[{"count":0,"href":"https:\/\/www.europesays.com\/fr\/wp-json\/wp\/v2\/posts\/564981\/revisions"}],"wp:featuredmedia":[{"embeddable":true,"href":"https:\/\/www.europesays.com\/fr\/wp-json\/wp\/v2\/media\/564982"}],"wp:attachment":[{"href":"https:\/\/www.europesays.com\/fr\/wp-json\/wp\/v2\/media?parent=564981"}],"wp:term":[{"taxonomy":"category","embeddable":true,"href":"https:\/\/www.europesays.com\/fr\/wp-json\/wp\/v2\/categories?post=564981"},{"taxonomy":"post_tag","embeddable":true,"href":"https:\/\/www.europesays.com\/fr\/wp-json\/wp\/v2\/tags?post=564981"}],"curies":[{"name":"wp","href":"https:\/\/api.w.org\/{rel}","templated":true}]}}